{"id":969,"date":"2013-01-23T13:32:41","date_gmt":"2013-01-23T19:32:41","guid":{"rendered":"https:\/\/radiowebmx.com\/nota\/?p=969"},"modified":"2013-01-23T13:32:41","modified_gmt":"2013-01-23T19:32:41","slug":"ayuntamiento-busca-la-conservacion-de-usos-y-costumbres-de-las-comunidades-indigenask","status":"publish","type":"post","link":"https:\/\/radiowebmx.com\/nota\/ayuntamiento-busca-la-conservacion-de-usos-y-costumbres-de-las-comunidades-indigenask\/","title":{"rendered":"Ayuntamiento busca la conservaci\u00f3n de usos y costumbres de las comunidades ind\u00edgenask"},"content":{"rendered":"<p><span style=\"font-size: medium;\"><img loading=\"lazy\" decoding=\"async\" class=\"alignnone\" src=\"http:\/\/img547.imageshack.us\/img547\/5209\/expoetnias20127.jpg\" alt=\"\" width=\"591\" height=\"309\" \/>Con el objetivo de coadyuvar con la poblaci\u00f3n ind\u00edgena del municipio de Morelia y el rescate de sus usos y costumbres el Ayuntamiento de Morelia, a trav\u00e9s de la Secretar\u00eda de Desarrollo Social liderada por Rosalva Vanegas Gardu\u00f1o ejecuta el programa de Atenci\u00f3n a Etnias el cual apoya a los diferentes grupos \u00e9tnicos del municipio con el fin de mejorar sus condiciones y calidad de vida.<\/span><\/p>\n<p><span style=\"font-size: medium;\">\u00a0<\/span><\/p>\n<p><span style=\"font-size: medium;\">Cursos de capacitaci\u00f3n para el autoempleo y Ferias en Comunidades Ind\u00edgenas, son parte de las acciones que la dependencia municipal realiza con la finalidad de difundir la m\u00fasica, danza, artesan\u00edas, gastronom\u00eda y vestido tradicional, adem\u00e1s de promover el rescate de festividades realizadas en las comunidades de lugares como Teremendo de los Reyes y San Nicol\u00e1s Obispo.<\/span><\/p>\n<p><span style=\"font-size: medium;\">\u00a0<\/span><\/p>\n<p><span style=\"font-size: medium;\">Al respecto Vanegas Gardu\u00f1o apunt\u00f3 que Sumando Voluntades el Municipio de Morelia continuar\u00e1 trabajando a favor de tan singulares tradiciones e indic\u00f3 que por instrucciones del Presidente Municipal, Wilfrido L\u00e1zaro Medina, todas las comunidades del municipio recibir\u00e1n apoyo a trav\u00e9s de este programa por medio de cursos y talleres.<\/span><\/p>\n<p><span style=\"font-size: medium;\">\u00a0<\/span><\/p>\n<p><span style=\"font-size: medium;\">Resalt\u00f3 que se dar\u00e1 continuidad al rescate de las tradiciones, usos y costumbres de las comunidades de las tenencias del municipio como son Capula, San Nicol\u00e1s Obispo, Aracur\u00edo, Comunidad Nahuatl y Teremendo de los Reyes.<\/span><\/p>\n<p><span style=\"font-size: medium;\">\u00a0<\/span><\/p>\n<p><span style=\"font-size: medium;\">\u00a0<\/span><\/p>\n<p><span style=\"font-size: medium;\">\u00a0<\/span><\/p>\n<p><span style=\"font-size: medium;\">Por su parte, la coordinadora del Programa Atenci\u00f3n a Etnias, Fabiola Miranda Valdovinos revel\u00f3 que dentro de las metas de este proyecto se contempla realizar ferias de muestra de artesan\u00edas, m\u00fasica, danza, poes\u00eda, arte culinario, usos y costumbres para el rescate de los pueblos ind\u00edgenas.<\/span><\/p>\n<p><span style=\"font-size: medium;\">\u00a0<\/span><\/p>\n<p><span style=\"font-size: medium;\">Inform\u00f3 que coordinar\u00e1n acciones de promoci\u00f3n con la Casa de las Artesan\u00edas, con la finalidad de mejorar sus productos, as\u00ed como organizar, promover y supervisar cursos de verano e invierno artesanales para los ni\u00f1os con el objetivo de fomentar el conocimiento de la artesan\u00eda en las nuevas generaciones.<\/span><\/p>\n<p><span style=\"font-size: medium;\">\u00a0<\/span><\/p>\n<p><span style=\"font-size: medium;\">Describi\u00f3 que en lo que va de la administraci\u00f3n se han realizado un curso de verano, cuatro pl\u00e1ticas de capacitaci\u00f3n y conferencias, cinco cursos de auto-empleo y la ya tradicional Expo-etnia que se realiza cada a\u00f1o, misma que en 2012 cont\u00f3 con una asistencia de m\u00e1s de 10 mil personas<\/span><\/p>\n<p><span style=\"font-size: medium;\">\u00a0<\/span><\/p>\n<p><span style=\"font-size: medium;\">Finalmente expuso que en el municipio de Morelia existe una poblaci\u00f3n ind\u00edgena de 15 mil 394 de la cual 4 mil 988 son hombres, 5 mil 083 mujeres, 4 mil 502 ni\u00f1os y 821 adultos mayores\u00a0\u00a0y describi\u00f3 que la poblaci\u00f3n ind\u00edgena se distribuye el 55 por ciento\u00a0\u00a0en Capula; 21 por ciento, en San Nicol\u00e1s Obispo; 16\u00a0\u00a0por ciento Teremendo de los Reyes y el 7 por ciento en Aracurio y Quinceo.<\/span><\/p>\n","protected":false},"excerpt":{"rendered":"<p>Con el objetivo de coadyuvar con la poblaci\u00f3n ind\u00edgena del municipio de Morelia y el rescate de sus usos y costumbres el Ayuntamiento de Morelia, a trav\u00e9s de la Secretar\u00eda de Desarrollo Social liderada por Rosalva Vanegas Gardu\u00f1o ejecuta el programa de Atenci\u00f3n a Etnias el cual apoya a los diferentes grupos \u00e9tnicos del municipio con el fin de mejorar sus condiciones y calidad de vida.<\/p>\n","protected":false},"author":1,"featured_media":0,"comment_status":"open","ping_status":"open","sticky":false,"template":"","format":"standard","meta":{"footnotes":""},"categories":[9],"tags":[],"class_list":["post-969","post","type-post","status-publish","format-standard","hentry","category-morelia"],"_links":{"self":[{"href":"https:\/\/radiowebmx.com\/nota\/wp-json\/wp\/v2\/posts\/969","targetHints":{"allow":["GET"]}}],"collection":[{"href":"https:\/\/radiowebmx.com\/nota\/wp-json\/wp\/v2\/posts"}],"about":[{"href":"https:\/\/radiowebmx.com\/nota\/wp-json\/wp\/v2\/types\/post"}],"author":[{"embeddable":true,"href":"https:\/\/radiowebmx.com\/nota\/wp-json\/wp\/v2\/users\/1"}],"replies":[{"embeddable":true,"href":"https:\/\/radiowebmx.com\/nota\/wp-json\/wp\/v2\/comments?post=969"}],"version-history":[{"count":2,"href":"https:\/\/radiowebmx.com\/nota\/wp-json\/wp\/v2\/posts\/969\/revisions"}],"predecessor-version":[{"id":971,"href":"https:\/\/radiowebmx.com\/nota\/wp-json\/wp\/v2\/posts\/969\/revisions\/971"}],"wp:attachment":[{"href":"https:\/\/radiowebmx.com\/nota\/wp-json\/wp\/v2\/media?parent=969"}],"wp:term":[{"taxonomy":"category","embeddable":true,"href":"https:\/\/radiowebmx.com\/nota\/wp-json\/wp\/v2\/categories?post=969"},{"taxonomy":"post_tag","embeddable":true,"href":"https:\/\/radiowebmx.com\/nota\/wp-json\/wp\/v2\/tags?post=969"}],"curies":[{"name":"wp","href":"https:\/\/api.w.org\/{rel}","templated":true}]}}