{"id":9638,"date":"2014-08-27T12:35:52","date_gmt":"2014-08-27T17:35:52","guid":{"rendered":"https:\/\/radiowebmx.com\/nota\/?p=9638"},"modified":"2014-08-27T12:35:52","modified_gmt":"2014-08-27T17:35:52","slug":"morelia-juega-limpio-en-las-escuelas","status":"publish","type":"post","link":"https:\/\/radiowebmx.com\/nota\/morelia-juega-limpio-en-las-escuelas\/","title":{"rendered":"MORELIA, JUEGA LIMPIO EN LAS ESCUELAS."},"content":{"rendered":"<p><a href=\"https:\/\/radiowebmx.com\/nota\/wp-content\/uploads\/2014\/08\/20140825_105235.jpg\"><img loading=\"lazy\" decoding=\"async\" class=\"alignleft size-full wp-image-9639\" alt=\"20140825_105235\" src=\"https:\/\/radiowebmx.com\/nota\/wp-content\/uploads\/2014\/08\/20140825_105235.jpg\" width=\"591\" height=\"360\" srcset=\"https:\/\/radiowebmx.com\/nota\/wp-content\/uploads\/2014\/08\/20140825_105235.jpg 591w, https:\/\/radiowebmx.com\/nota\/wp-content\/uploads\/2014\/08\/20140825_105235-300x182.jpg 300w\" sizes=\"auto, (max-width: 591px) 100vw, 591px\" \/><\/a>Con el prop\u00f3sito de iniciar las primeras acciones de la estrategia &#8220;Escuela Limpia&#8221;, enmarcada en el Programa &#8220;Morelia Juega Limpio&#8221;, la Secretar\u00eda de Servicios P\u00fablicos sum\u00f3 voluntades con directivos y padres de familia de la Escuela Primaria &#8220;Santos Degollado&#8221;, para comenzar a delimitar un Plan de Manejo adecuado que abone a la gesti\u00f3n integral de residuos y establecer un \u00e1rea de composteo de desechos org\u00e1nicos.<\/p>\n<p>&nbsp;<\/p>\n<p>La administraci\u00f3n que preside Wilfrido L\u00e1zaro Medina se ha preocupado por dar una respuesta \u00e1gil a las peticiones de la poblaci\u00f3n, como fue la solicitud que la instituci\u00f3n educativa de Tac\u00edcuaro present\u00f3 en la pasada Audiencia Ciudadana realizada en la Tenencia de Cuto de la Esperanza, a la dependencia municipal que dirige Iv\u00e1n Mois\u00e9s Rodr\u00edguez Medina.<\/p>\n<p>&nbsp;<\/p>\n<p>Por tal motivo, el lunes pasado, el director de Aseo P\u00fablico, Paulino Vel\u00e1zquez Mart\u00ednez, expres\u00f3 que el presidente municipal los ha instru\u00eddo a dar un fuerte impulso al Programa \u201cMorelia Juega Limpio\u201d, sobre todo ahora que recientemente el municipio recibi\u00f3 el reconocimiento de la Escoba de Oro en Espa\u00f1a y lo que obliga a redoblar esfuerzos en todos los sectores de la poblaci\u00f3n para mantener un municipio impecable.<\/p>\n<p>&nbsp;<\/p>\n<p>Ante el inter\u00e9s de la directora de la escuela, Carmen Ornelas L\u00f3pez y de la comunidad escolar; el titular de la dependencia ofreci\u00f3 trabajar de la mano para lograr la aplicaci\u00f3n de un efectivo Plan de Manejo para los residuos s\u00f3lidos que generan, asimismo, se comprometi\u00f3 a firmar un acuerdo con el representante de la empresa concesionada \u201cL\u00e1zaro C\u00e1rdenas\u201d y con ello recibir el servicio de recolecci\u00f3n, al mismo tiempo que se entregan separados los residuos.<\/p>\n<p>&nbsp;<\/p>\n<p>El director de Parques y Jardines, Eduardo Mu\u00f1oz Flores, a trav\u00e9s del Centro de Composteo que coordina Porfirio Cuevas Romero, se comprometi\u00f3 a ayudar para acondicionar un \u00e1rea verde de aproximadamente 3 por 4 metros que sirva como dep\u00f3sito de los residuos org\u00e1nicos y as\u00ed aprovechar el humus que producir\u00eda la composta como fertilizante natural.<\/p>\n<p>&nbsp;<\/p>\n<p>De igual forma, realizar\u00e1n una poda intensiva de los diferentes \u00e1rboles que se encuentran al interior de las instalaciones y que, por su altura y sequedad, representan un riesgo para los estudiantes y profesores.<\/p>\n<p>&nbsp;<\/p>\n<p>Asimismo, los m\u00e1s de 200 alumnos de la escuela recibieron pl\u00e1ticas de concientizaci\u00f3n sobre el respeto y cuidado hacia las mascotas, por parte del jefe del Centro de Atenci\u00f3n Canina y Felina, Jos\u00e9 Abel Contreras Maraveles, as\u00ed como de su colaborador Carlos Heredia.<\/p>\n<p>&nbsp;<\/p>\n<p>Con la presentaci\u00f3n del video &#8220;Diario de un perro&#8221;, los ni\u00f1os se sensibilizaron sobre la importancia de ejercer una tenencia responsable de mascotas, en caso de que las posean o bien de respeto hacia las que son ajenas o se encuentran abandonados en la v\u00eda p\u00fablica.<\/p>\n","protected":false},"excerpt":{"rendered":"<p>Con el prop\u00f3sito de iniciar las primeras acciones de la estrategia &#8220;Escuela Limpia&#8221;, enmarcada en el Programa &#8220;Morelia Juega Limpio&#8221;, la Secretar\u00eda de Servicios P\u00fablicos sum\u00f3 voluntades con directivos y padres de familia de la Escuela Primaria &#8220;Santos Degollado&#8221;,<\/p>\n","protected":false},"author":1,"featured_media":9639,"comment_status":"open","ping_status":"open","sticky":false,"template":"","format":"standard","meta":{"footnotes":""},"categories":[14,9],"tags":[],"class_list":["post-9638","post","type-post","status-publish","format-standard","has-post-thumbnail","hentry","category-destacadas","category-morelia"],"_links":{"self":[{"href":"https:\/\/radiowebmx.com\/nota\/wp-json\/wp\/v2\/posts\/9638","targetHints":{"allow":["GET"]}}],"collection":[{"href":"https:\/\/radiowebmx.com\/nota\/wp-json\/wp\/v2\/posts"}],"about":[{"href":"https:\/\/radiowebmx.com\/nota\/wp-json\/wp\/v2\/types\/post"}],"author":[{"embeddable":true,"href":"https:\/\/radiowebmx.com\/nota\/wp-json\/wp\/v2\/users\/1"}],"replies":[{"embeddable":true,"href":"https:\/\/radiowebmx.com\/nota\/wp-json\/wp\/v2\/comments?post=9638"}],"version-history":[{"count":2,"href":"https:\/\/radiowebmx.com\/nota\/wp-json\/wp\/v2\/posts\/9638\/revisions"}],"predecessor-version":[{"id":9641,"href":"https:\/\/radiowebmx.com\/nota\/wp-json\/wp\/v2\/posts\/9638\/revisions\/9641"}],"wp:featuredmedia":[{"embeddable":true,"href":"https:\/\/radiowebmx.com\/nota\/wp-json\/wp\/v2\/media\/9639"}],"wp:attachment":[{"href":"https:\/\/radiowebmx.com\/nota\/wp-json\/wp\/v2\/media?parent=9638"}],"wp:term":[{"taxonomy":"category","embeddable":true,"href":"https:\/\/radiowebmx.com\/nota\/wp-json\/wp\/v2\/categories?post=9638"},{"taxonomy":"post_tag","embeddable":true,"href":"https:\/\/radiowebmx.com\/nota\/wp-json\/wp\/v2\/tags?post=9638"}],"curies":[{"name":"wp","href":"https:\/\/api.w.org\/{rel}","templated":true}]}}