{"id":9628,"date":"2014-08-27T11:31:22","date_gmt":"2014-08-27T16:31:22","guid":{"rendered":"https:\/\/radiowebmx.com\/nota\/?p=9628"},"modified":"2014-08-27T11:31:48","modified_gmt":"2014-08-27T16:31:48","slug":"refrendan-migrantes-a-salvador-jara-compromiso-por-contribuir-al-desarrollo-de-michoacan","status":"publish","type":"post","link":"https:\/\/radiowebmx.com\/nota\/refrendan-migrantes-a-salvador-jara-compromiso-por-contribuir-al-desarrollo-de-michoacan\/","title":{"rendered":"REFRENDAN MIGRANTES A SALVADOR JARA COMPROMISO POR CONTRIBUIR AL DESARROLLO DE MICHOAC\u00c1N"},"content":{"rendered":"<p><a href=\"https:\/\/radiowebmx.com\/nota\/wp-content\/uploads\/2014\/08\/SJG-7.jpg\"><img loading=\"lazy\" decoding=\"async\" class=\"alignleft size-full wp-image-9629\" alt=\"SJG (7)\" src=\"https:\/\/radiowebmx.com\/nota\/wp-content\/uploads\/2014\/08\/SJG-7.jpg\" width=\"591\" height=\"363\" srcset=\"https:\/\/radiowebmx.com\/nota\/wp-content\/uploads\/2014\/08\/SJG-7.jpg 591w, https:\/\/radiowebmx.com\/nota\/wp-content\/uploads\/2014\/08\/SJG-7-300x184.jpg 300w\" sizes=\"auto, (max-width: 591px) 100vw, 591px\" \/><\/a>En gira de trabajo por la Uni\u00f3n Americana en la que acompa\u00f1a al presidente de M\u00e9xico, Enrique Pe\u00f1a Nieto, para reunirse con representantes de los clubes de migrantes, el gobernador de Michoac\u00e1n Salvador Jara Guerrero, sostuvo un encuentro con empresarios de origen michoacano, quienes le refrendaron su inter\u00e9s por realizar inversiones en nuestra entidad y contribuir con el desarrollo econ\u00f3mico de la regi\u00f3n.<\/p>\n<p>En la Casa Michoac\u00e1n de esta ciudad californiana, Jara Guerrero fue testigo tambi\u00e9n de la donaci\u00f3n que los clubes hicieron al municipio de Villamar, misma que consisti\u00f3 en una ambulancia para mejorar los servicios de salud a los habitantes de esa municipalidad.<\/p>\n<p>Al respecto, el mandatario estatal se congratul\u00f3 por las aportaciones que a lo largo de los a\u00f1os han hecho los migrantes a sus comunidades de origen, lo que da muestra del arraigo de los buenos michoacanos, que no pierden el inter\u00e9s y entusiasmo por contribuir con su tierra natal.<\/p>\n<p>En esta gira de trabajo, el jefe del Ejecutivo estatal asisti\u00f3 tambi\u00e9n a las reuniones que el presidente Pe\u00f1a Nieto sostuvo con los mexicanos que residen en California, con el prop\u00f3sito de estrechar los lazos y fortalecer los intercambios en los rubros pol\u00edtico, social, econ\u00f3mico y ambiental.<\/p>\n<p>Para el gobernador del estado es de suma importancia ser part\u00edcipe de estas acciones, para mejorar la vinculaci\u00f3n y el respeto a los derechos de los poco m\u00e1s de 4 millones de michoacanos que residen en los Estados Unidos.<\/p>\n<p>Adem\u00e1s, el mandatario estatal se reuni\u00f3 con un grupo de empresarios coreanos, quienes le manifestaron su inter\u00e9s de invertir en Michoac\u00e1n.<\/p>\n<p>Durante los encuentros Salvador Jara Guerrero se hizo acompa\u00f1ar del secretario del Migrante estatal, Luis Carlos Ch\u00e1vez Santacruz.<\/p>\n","protected":false},"excerpt":{"rendered":"<p>En gira de trabajo por la Uni\u00f3n Americana en la que acompa\u00f1a al presidente de M\u00e9xico, Enrique Pe\u00f1a Nieto, para reunirse con representantes de los clubes de migrantes, el gobernador de Michoac\u00e1n Salvador Jara Guerrero, sostuvo un encuentro con empresarios de origen michoacano,<\/p>\n","protected":false},"author":1,"featured_media":9629,"comment_status":"open","ping_status":"open","sticky":false,"template":"","format":"standard","meta":{"footnotes":""},"categories":[14,3],"tags":[],"class_list":["post-9628","post","type-post","status-publish","format-standard","has-post-thumbnail","hentry","category-destacadas","category-gobierno-del-estado-de-michoacan"],"_links":{"self":[{"href":"https:\/\/radiowebmx.com\/nota\/wp-json\/wp\/v2\/posts\/9628","targetHints":{"allow":["GET"]}}],"collection":[{"href":"https:\/\/radiowebmx.com\/nota\/wp-json\/wp\/v2\/posts"}],"about":[{"href":"https:\/\/radiowebmx.com\/nota\/wp-json\/wp\/v2\/types\/post"}],"author":[{"embeddable":true,"href":"https:\/\/radiowebmx.com\/nota\/wp-json\/wp\/v2\/users\/1"}],"replies":[{"embeddable":true,"href":"https:\/\/radiowebmx.com\/nota\/wp-json\/wp\/v2\/comments?post=9628"}],"version-history":[{"count":3,"href":"https:\/\/radiowebmx.com\/nota\/wp-json\/wp\/v2\/posts\/9628\/revisions"}],"predecessor-version":[{"id":9632,"href":"https:\/\/radiowebmx.com\/nota\/wp-json\/wp\/v2\/posts\/9628\/revisions\/9632"}],"wp:featuredmedia":[{"embeddable":true,"href":"https:\/\/radiowebmx.com\/nota\/wp-json\/wp\/v2\/media\/9629"}],"wp:attachment":[{"href":"https:\/\/radiowebmx.com\/nota\/wp-json\/wp\/v2\/media?parent=9628"}],"wp:term":[{"taxonomy":"category","embeddable":true,"href":"https:\/\/radiowebmx.com\/nota\/wp-json\/wp\/v2\/categories?post=9628"},{"taxonomy":"post_tag","embeddable":true,"href":"https:\/\/radiowebmx.com\/nota\/wp-json\/wp\/v2\/tags?post=9628"}],"curies":[{"name":"wp","href":"https:\/\/api.w.org\/{rel}","templated":true}]}}