{"id":962,"date":"2013-01-23T13:13:15","date_gmt":"2013-01-23T19:13:15","guid":{"rendered":"https:\/\/radiowebmx.com\/nota\/?p=962"},"modified":"2013-01-23T13:21:02","modified_gmt":"2013-01-23T19:21:02","slug":"mujeres-morelianas-organizadas-por-la-no-violencia","status":"publish","type":"post","link":"https:\/\/radiowebmx.com\/nota\/mujeres-morelianas-organizadas-por-la-no-violencia\/","title":{"rendered":""},"content":{"rendered":"<p><img loading=\"lazy\" decoding=\"async\" class=\"alignnone\" src=\"http:\/\/img89.imageshack.us\/img89\/2990\/reddemujeresporlapazek.jpg\" alt=\"\" width=\"689\" height=\"293\" \/>La prevenci\u00f3n del delito y la consolidaci\u00f3n de un Morelia Seguro son fuertes ejes del plan de trabajo de la actual administraci\u00f3n municipal presidida por Wilfrido L\u00e1zaro Medina, raz\u00f3n por la cual dependencias municipales unieron esfuerzos y convocaron a m\u00e1s de 100 f\u00e9minas para conformar la<strong>\u00a0<\/strong>\u201cRed de Mujeres para la Previsi\u00f3n Social de la Violencia, la Construcci\u00f3n de Paz y la Seguridad\u201d.<\/p>\n<p>Con la intenci\u00f3n de sumar voluntades por un Morelia libre de Violencia la Directora del Instituto de la Mujer Moreliana Mar\u00eda del Rosario Jim\u00e9nez Zavala, la Directora de Enlace Ciudadano, Ana Lorena P\u00e9rez C\u00e1rdenas, la Directora de\u00a0Prevenci\u00f3n Social de la Violencia y la Delincuencia, Blanca Estela G\u00f3mez Santoyo y el Director del Instituto de la Juventud<strong>,\u00a0<\/strong>Pablo C\u00e9sar S\u00e1nchez Silva, tomaron protesta a las primeras integrantes de la red de prevenci\u00f3n.<\/p>\n<p>Jim\u00e9nez Zavala tom\u00f3 protesta las representantes de la asociaci\u00f3n de la red de mujeres, Lorena Cort\u00e9s Villase\u00f1or y Maricela N\u00fa\u00f1ez Alcaraz y manifest\u00f3 que se incentivar\u00edan a este grupo ya consolidado con apoyos de equipo y econ\u00f3micos para llevar a cabo el Plan de Acci\u00f3n por la Paz.<\/p>\n<p>Por su parte la Directora de\u00a0\u00a0Prevenci\u00f3n Social de la Violencia y la Delincuencia, Blanca Estela G\u00f3mez Santoyo, destac\u00f3 que por instrucciones del Presidente Municipal Wilfrido L\u00e1zaro Medina se otorgar\u00e1 total apoyo a estas acciones, manifestando su preocupaci\u00f3n por la construcci\u00f3n de una cultura de paz y seguridad, reiterando la importancia de estos como uno de sus principales ejes rectores de su administraci\u00f3n.<\/p>\n<p>Finalmente las representantes de las f\u00e9minas que conforman la red resaltaron la importancia de que este proyecto se est\u00e9 haciendo una realidad, ya que refleja el inter\u00e9s y la lucha constante por el empoderamiento de la mujer para que sus propuestas, en beneficio de la sociedad, sean valoradas y tomadas en cuenta por los l\u00edderes ciudadanos y funcionarios p\u00fablicos.<\/p>\n","protected":false},"excerpt":{"rendered":"<p>La prevenci\u00f3n del delito y la consolidaci\u00f3n de un Morelia Seguro son fuertes ejes del plan de trabajo de la actual administraci\u00f3n municipal presidida por Wilfrido L\u00e1zaro Medina, raz\u00f3n por la cual dependencias municipales unieron esfuerzos y convocaron a m\u00e1s de 100 f\u00e9minas para conformar la \u201cRed de Mujeres para la Previsi\u00f3n Social de la Violencia, la Construcci\u00f3n de Paz y la Seguridad\u201d.<\/p>\n","protected":false},"author":1,"featured_media":0,"comment_status":"open","ping_status":"open","sticky":false,"template":"","format":"standard","meta":{"footnotes":""},"categories":[9],"tags":[],"class_list":["post-962","post","type-post","status-publish","format-standard","hentry","category-morelia"],"_links":{"self":[{"href":"https:\/\/radiowebmx.com\/nota\/wp-json\/wp\/v2\/posts\/962","targetHints":{"allow":["GET"]}}],"collection":[{"href":"https:\/\/radiowebmx.com\/nota\/wp-json\/wp\/v2\/posts"}],"about":[{"href":"https:\/\/radiowebmx.com\/nota\/wp-json\/wp\/v2\/types\/post"}],"author":[{"embeddable":true,"href":"https:\/\/radiowebmx.com\/nota\/wp-json\/wp\/v2\/users\/1"}],"replies":[{"embeddable":true,"href":"https:\/\/radiowebmx.com\/nota\/wp-json\/wp\/v2\/comments?post=962"}],"version-history":[{"count":4,"href":"https:\/\/radiowebmx.com\/nota\/wp-json\/wp\/v2\/posts\/962\/revisions"}],"predecessor-version":[{"id":966,"href":"https:\/\/radiowebmx.com\/nota\/wp-json\/wp\/v2\/posts\/962\/revisions\/966"}],"wp:attachment":[{"href":"https:\/\/radiowebmx.com\/nota\/wp-json\/wp\/v2\/media?parent=962"}],"wp:term":[{"taxonomy":"category","embeddable":true,"href":"https:\/\/radiowebmx.com\/nota\/wp-json\/wp\/v2\/categories?post=962"},{"taxonomy":"post_tag","embeddable":true,"href":"https:\/\/radiowebmx.com\/nota\/wp-json\/wp\/v2\/tags?post=962"}],"curies":[{"name":"wp","href":"https:\/\/api.w.org\/{rel}","templated":true}]}}