{"id":9607,"date":"2014-08-26T14:55:48","date_gmt":"2014-08-26T19:55:48","guid":{"rendered":"https:\/\/radiowebmx.com\/nota\/?p=9607"},"modified":"2014-08-26T14:55:48","modified_gmt":"2014-08-26T19:55:48","slug":"el-adulto-mayor-ejemplo-de-la-sociedad-catherine-ettinger","status":"publish","type":"post","link":"https:\/\/radiowebmx.com\/nota\/el-adulto-mayor-ejemplo-de-la-sociedad-catherine-ettinger\/","title":{"rendered":"EL  ADULTO MAYOR, EJEMPLO DE LA SOCIEDAD: CATHERINE ETTINGER"},"content":{"rendered":"<p>\u201cEl adulto mayor es el ejemplo de la sociedad, son personas que nos motivan para seguir adelante, con gran entusiasmo y con ganas de participar en actividades deportivas, culturales y recreativas, siempre contentos y participativos\u201d, expres\u00f3 Catherine Rose Ettinger de Jara, presidenta honoraria del Sistema para el Desarrollo Integral de la Familia (DIF) Michoac\u00e1n, al dar inicio la Semana del Adulto Mayor 2014.<\/p>\n<p>&nbsp;<\/p>\n<p>Con una celebraci\u00f3n eucar\u00edstica en la majestuosa Catedral de Morelia, se dio el arranque de actividades de la semana dedicada a los \u201cabuelitos\u201d de Michoac\u00e1n. \u00a0\u201cCon esta misa se da el espacio propicio para dar gracias por celebrar un a\u00f1o m\u00e1s la Semana del Adulto Mayor\u201d, expres\u00f3 Catherine Ettinger.<\/p>\n<p>&nbsp;<\/p>\n<p>Posteriormente, los adultos mayores se trasladaron a la Plaza \u201cBenito Ju\u00e1rez\u201d, donde se dio el arranque oficial de esta gran fiesta, con una verbena popular organizada especialmente para ellos.<\/p>\n<p>&nbsp;<\/p>\n<p>Ana Luz Compe\u00e1n Reyes Sp\u00edndola, directora general del Sistema DIF Estatal, destac\u00f3 que \u201cla familia y los valores son lo m\u00e1s importante que tenemos como sociedad\u201d, reconoci\u00f3 el esfuerzo y el ejemplo que han dejado los adultos mayores, as\u00ed mismo exhort\u00f3 a los presentes a que se rescaten los valores y la familia ya que son el n\u00facleo de toda sociedad.<\/p>\n<p>&nbsp;<\/p>\n<p>Recalc\u00f3 que toda la semana se tendr\u00e1n actividades para las personas de la tercera edad e hizo un llamado a los caballeros para que se postulen, y el siguiente a\u00f1o se tenga un rey, al igual que el certamen de Miss 60, donde participan representantes de los 113 municipios del estado.<\/p>\n<p>&nbsp;<\/p>\n<p>M\u00e1s de 600 adultos mayores se dieron cita en la plaza, donde se mostraron contentos y entusiasmados de recordar sus vivencias y disfrutaron de antojitos mexicanos como: corundas, tamales, uchepos, atole, bu\u00f1uelos, gelatinas y aguas frescas, entre otros.<\/p>\n<p>&nbsp;<\/p>\n<p>.<\/p>\n<p>&nbsp;<\/p>\n<p>Finalmente, al ritmo de la m\u00fasica de anta\u00f1o, cientos de adultos mayores recrearon el ambiente perfecto para recordar viejos tiempos, mediante el baile.<\/p>\n<p>&nbsp;<\/p>\n<p>En el marco de la celebraci\u00f3n del \u201cD\u00eda del Abuelo\u201d, que es el pr\u00f3ximo 28 de agosto, el Sistema DIF Michoac\u00e1n realiza diversos eventos para los adultos mayores, adem\u00e1s a lo largo del a\u00f1o se entregan despensas, lentes, aparatos ortop\u00e9dicos, aparatos auditivos y reequipamiento de las Estancias del Adulto Mayor.<\/p>\n<p>&nbsp;<\/p>\n<p>Es de mencionar la participaci\u00f3n de las dependencias estatales y federales tales como: Pensiones Civiles del Estado, Secretar\u00eda de Pol\u00edtica Social (Sepsol), Coordinaci\u00f3n General de Comunicaci\u00f3n Social del Estado, Comisi\u00f3n Coordinadora del Transporte (Cocotra), DIF Municipal de Morelia, Secretar\u00eda de la Mujer, Sistema Michoacano de Radio y Televisi\u00f3n (SMRTV), Sistema Integral de Financiamiento para el Desarrollo de Michoac\u00e1n (S\u00ed Financia), Secretar\u00eda de Desarrollo Social (Sedesol), Universidad Michoacana de San Nicol\u00e1s de Hidalgo (UMSNH), Instituto Nacional para las Personas Adultas Mayores (Inapam) y el Instituto de Seguridad y Servicio Social de los Trabajadores del Estado (ISSSTE).<\/p>\n<p>&nbsp;<\/p>\n<p><b>Las actividades contin\u00faan:<\/b><\/p>\n<p><b>\u00a0<\/b><\/p>\n<p>Martes 26 de agosto: Corredor de la Salud y Demostraci\u00f3n Aer\u00f3bica en la Plaza Benito Ju\u00e1rez de 10:00 a 14:00 horas.<\/p>\n<p>&nbsp;<\/p>\n<p>Mi\u00e9rcoles 27 de agosto: \u201cBaile para Recordar\u201d en la Plaza Valladolid de 16:00 a 21:00 horas.<\/p>\n<p>&nbsp;<\/p>\n<p>Jueves 28 de agosto: Certamen \u201cMiss 60\u201d en el Teatro Stella Inda de 17:00 a 21:00 horas.<\/p>\n<p>&nbsp;<\/p>\n<p>&nbsp;<\/p>\n<p>&nbsp;<\/p>\n<p>&nbsp;<\/p>\n<p>&nbsp;<\/p>\n","protected":false},"excerpt":{"rendered":"<p>\u201cEl adulto mayor es el ejemplo de la sociedad, son personas que nos motivan para seguir adelante, con gran entusiasmo y con ganas de participar en actividades deportivas, culturales y recreativas, siempre contentos y participativos\u201d<\/p>\n","protected":false},"author":1,"featured_media":0,"comment_status":"open","ping_status":"open","sticky":false,"template":"","format":"standard","meta":{"footnotes":""},"categories":[3],"tags":[],"class_list":["post-9607","post","type-post","status-publish","format-standard","hentry","category-gobierno-del-estado-de-michoacan"],"_links":{"self":[{"href":"https:\/\/radiowebmx.com\/nota\/wp-json\/wp\/v2\/posts\/9607","targetHints":{"allow":["GET"]}}],"collection":[{"href":"https:\/\/radiowebmx.com\/nota\/wp-json\/wp\/v2\/posts"}],"about":[{"href":"https:\/\/radiowebmx.com\/nota\/wp-json\/wp\/v2\/types\/post"}],"author":[{"embeddable":true,"href":"https:\/\/radiowebmx.com\/nota\/wp-json\/wp\/v2\/users\/1"}],"replies":[{"embeddable":true,"href":"https:\/\/radiowebmx.com\/nota\/wp-json\/wp\/v2\/comments?post=9607"}],"version-history":[{"count":2,"href":"https:\/\/radiowebmx.com\/nota\/wp-json\/wp\/v2\/posts\/9607\/revisions"}],"predecessor-version":[{"id":9609,"href":"https:\/\/radiowebmx.com\/nota\/wp-json\/wp\/v2\/posts\/9607\/revisions\/9609"}],"wp:attachment":[{"href":"https:\/\/radiowebmx.com\/nota\/wp-json\/wp\/v2\/media?parent=9607"}],"wp:term":[{"taxonomy":"category","embeddable":true,"href":"https:\/\/radiowebmx.com\/nota\/wp-json\/wp\/v2\/categories?post=9607"},{"taxonomy":"post_tag","embeddable":true,"href":"https:\/\/radiowebmx.com\/nota\/wp-json\/wp\/v2\/tags?post=9607"}],"curies":[{"name":"wp","href":"https:\/\/api.w.org\/{rel}","templated":true}]}}