{"id":9572,"date":"2014-08-25T13:24:58","date_gmt":"2014-08-25T18:24:58","guid":{"rendered":"https:\/\/radiowebmx.com\/nota\/?p=9572"},"modified":"2014-08-25T13:24:58","modified_gmt":"2014-08-25T18:24:58","slug":"dif-morelia-inicia-actividades-por-la-semana-del-adulto-mayor","status":"publish","type":"post","link":"https:\/\/radiowebmx.com\/nota\/dif-morelia-inicia-actividades-por-la-semana-del-adulto-mayor\/","title":{"rendered":"DIF MORELIA INICIA ACTIVIDADES POR LA SEMANA DEL ADULTO MAYOR"},"content":{"rendered":"<p><a href=\"https:\/\/radiowebmx.com\/nota\/wp-content\/uploads\/2014\/08\/image2.jpeg\"><img loading=\"lazy\" decoding=\"async\" class=\"alignleft size-full wp-image-9573\" alt=\"image\" src=\"https:\/\/radiowebmx.com\/nota\/wp-content\/uploads\/2014\/08\/image2.jpeg\" width=\"591\" height=\"360\" srcset=\"https:\/\/radiowebmx.com\/nota\/wp-content\/uploads\/2014\/08\/image2.jpeg 591w, https:\/\/radiowebmx.com\/nota\/wp-content\/uploads\/2014\/08\/image2-300x182.jpeg 300w\" sizes=\"auto, (max-width: 591px) 100vw, 591px\" \/><\/a>El\u00a0Ayuntamiento de Morelia que encabeza Wilfrido L\u00e1zaro Medina, a trav\u00e9s del Comit\u00e9 para el Desarrollo Integral de la Familia DIF-Morelia, que preside Maggy Oribio de L\u00e1zaro y la Estancia Diurna del Adulto Mayor (EDAM), arrancaron esta ma\u00f1ana el programa de actividades con motivo de la Semana del Adulto Mayor, que se realizar\u00e1 del 25 al 29 de agosto del presente a\u00f1o.<br \/>\nLa presidenta del DIF Morelia, Maggy Oribio, invit\u00f3 al p\u00fablico en general a sumarse a las diversas actividades que el ayuntamiento de Morelia, a trav\u00e9s del DIF Municipal, tiene preparado para las personas de primera.<br \/>\nEl Coordinador de la Estancia Diurna del Adulto Mayor (EDAM), doctor Alejandro Garc\u00eda Pozos, dio a conocer las actividades a desarrollar durante esta semana, dando inicio con la Feria de la Salud en las instalaciones de la EDAM, de 10:30 a 13:00 horas, ofreciendo servicios de Enfermer\u00eda, Nutrici\u00f3n, Podolog\u00eda, M\u00e9dica, Psicolog\u00eda y Rehabilitaci\u00f3n.<br \/>\nEl martes 26 se desarrollara el Circuito Deportivo en las mismas instalaciones de 10:30 a 13:00 horas.<br \/>\nEl mi\u00e9rcoles 27 se desarrollar\u00e1 la Tertulia, de 11:00 a 12:00 horas; la actividad Mel\u00f3dico se realizar\u00e1 de 12:00 a 13:00 horas, y a las 14:00 horas se llevar\u00e1 a cabo una comida para los usuarios de la EDAM.<br \/>\nEl d\u00eda jueves 28 los usuarios de la EDAM realizar\u00e1n la presentaci\u00f3n musical de CRI-CRI a las 11:00 horas en el patio de Palacio Municipal, con entrada libre para todo p\u00fablico, en el que se realizar\u00e1 la entrega de Auxiliares Auditivos a personas de la tercera edad.<br \/>\nPara concluir con las actividades, el viernes 29 se realizar\u00e1 la presentaci\u00f3n del Grupo Infantil de Baile Folcl\u00f3rico del Centro de Estudios de Educaci\u00f3n Especial de Cuitzeo, en las instalaciones de la EDAM.<\/p>\n","protected":false},"excerpt":{"rendered":"<p>El Ayuntamiento de Morelia que encabeza Wilfrido L\u00e1zaro Medina, a trav\u00e9s del Comit\u00e9 para el Desarrollo Integral de la Familia DIF-Morelia, que preside Maggy Oribio de L\u00e1zaro y la Estancia Diurna del Adulto Mayor (EDAM), arrancaron esta ma\u00f1ana el programa de actividades con motivo de la Semana del Adulto Mayor<\/p>\n","protected":false},"author":1,"featured_media":9573,"comment_status":"open","ping_status":"open","sticky":false,"template":"","format":"standard","meta":{"footnotes":""},"categories":[14,9],"tags":[],"class_list":["post-9572","post","type-post","status-publish","format-standard","has-post-thumbnail","hentry","category-destacadas","category-morelia"],"_links":{"self":[{"href":"https:\/\/radiowebmx.com\/nota\/wp-json\/wp\/v2\/posts\/9572","targetHints":{"allow":["GET"]}}],"collection":[{"href":"https:\/\/radiowebmx.com\/nota\/wp-json\/wp\/v2\/posts"}],"about":[{"href":"https:\/\/radiowebmx.com\/nota\/wp-json\/wp\/v2\/types\/post"}],"author":[{"embeddable":true,"href":"https:\/\/radiowebmx.com\/nota\/wp-json\/wp\/v2\/users\/1"}],"replies":[{"embeddable":true,"href":"https:\/\/radiowebmx.com\/nota\/wp-json\/wp\/v2\/comments?post=9572"}],"version-history":[{"count":2,"href":"https:\/\/radiowebmx.com\/nota\/wp-json\/wp\/v2\/posts\/9572\/revisions"}],"predecessor-version":[{"id":9575,"href":"https:\/\/radiowebmx.com\/nota\/wp-json\/wp\/v2\/posts\/9572\/revisions\/9575"}],"wp:featuredmedia":[{"embeddable":true,"href":"https:\/\/radiowebmx.com\/nota\/wp-json\/wp\/v2\/media\/9573"}],"wp:attachment":[{"href":"https:\/\/radiowebmx.com\/nota\/wp-json\/wp\/v2\/media?parent=9572"}],"wp:term":[{"taxonomy":"category","embeddable":true,"href":"https:\/\/radiowebmx.com\/nota\/wp-json\/wp\/v2\/categories?post=9572"},{"taxonomy":"post_tag","embeddable":true,"href":"https:\/\/radiowebmx.com\/nota\/wp-json\/wp\/v2\/tags?post=9572"}],"curies":[{"name":"wp","href":"https:\/\/api.w.org\/{rel}","templated":true}]}}