{"id":9558,"date":"2014-08-25T11:20:58","date_gmt":"2014-08-25T16:20:58","guid":{"rendered":"https:\/\/radiowebmx.com\/nota\/?p=9558"},"modified":"2014-08-25T11:20:58","modified_gmt":"2014-08-25T16:20:58","slug":"a-dos-anos-de-gobierno-morelia-destaca-a-nivel-nacional-con-el-coro-suma-de-voluntades","status":"publish","type":"post","link":"https:\/\/radiowebmx.com\/nota\/a-dos-anos-de-gobierno-morelia-destaca-a-nivel-nacional-con-el-coro-suma-de-voluntades\/","title":{"rendered":"A DOS A\u00d1OS DE GOBIERNO  MORELIA DESTACA A NIVEL NACIONAL CON EL CORO SUMA DE VOLUNTADES"},"content":{"rendered":"<p><a href=\"https:\/\/radiowebmx.com\/nota\/wp-content\/uploads\/2014\/08\/coro-suma-de-voluntades-9.jpg\"><img loading=\"lazy\" decoding=\"async\" class=\"alignleft size-full wp-image-9559\" alt=\"coro suma de voluntades (9)\" src=\"https:\/\/radiowebmx.com\/nota\/wp-content\/uploads\/2014\/08\/coro-suma-de-voluntades-9.jpg\" width=\"591\" height=\"261\" srcset=\"https:\/\/radiowebmx.com\/nota\/wp-content\/uploads\/2014\/08\/coro-suma-de-voluntades-9.jpg 591w, https:\/\/radiowebmx.com\/nota\/wp-content\/uploads\/2014\/08\/coro-suma-de-voluntades-9-300x132.jpg 300w\" sizes=\"auto, (max-width: 591px) 100vw, 591px\" \/><\/a>\u00a0A dos a\u00f1os de gobierno del presidente Wilfrido L\u00e1zaro Medina, el Coro Monumental y la Orquesta de Guitarras Suma de Voluntades se ha consolidado como una alternativa efectiva para fortalecer la cohesi\u00f3n social, combatir las adicciones y promover la cultura, contribuyendo as\u00ed al Programa Nacional para la Prevenci\u00f3n Social de la Violencia y la Delincuencia (Pronapred).<\/p>\n<p>&nbsp;<\/p>\n<p>El Coro Suma de Voluntades\u00a0ha mostrado ser un programa efectivo para encausar a los ni\u00f1os y j\u00f3venes morelianos hacia la m\u00fasica, alej\u00e1ndolos de actos il\u00edcitos y nocivos para su bienestar, a trav\u00e9s del cual se ofrece instrucci\u00f3n musical a ni\u00f1os y adolecentes de entre 10 a 18 a\u00f1os de edad\u00a0que provienen de 77 colonias vulnerables, contribuyendo\u00a0a la promoci\u00f3n de la paz y la disminuci\u00f3n de la violencia en la entidad.<\/p>\n<p>&nbsp;<\/p>\n<p>Con este programa se intensifican las acciones efectivas para la prevenci\u00f3n de\u00a0\u00a0la violencia y la delincuencia en el municipio de Morelia, como un factor de socializaci\u00f3n que, mediante el arte y la cultura, permite prevenir la violencia escolar, la violencia familiar, las adicciones y los problemas de aprendizaje con el apoyo sistematizado de un equipo de psic\u00f3logos que trabajan en favor de los m\u00e1s de 1,000 ni\u00f1os y j\u00f3venes que al d\u00eda de hoy se han sumado hacia la consecuci\u00f3n de un Morelia, un Michoac\u00e1n y un M\u00e9xico en paz.<\/p>\n<p>&nbsp;<\/p>\n<p>Con la alineaci\u00f3n de esfuerzos de los gobiernos Federal, Estatal y el Ayuntamiento de Morelia, el Coro\u00a0\u00a0Monumental de Voces Infantiles y Juveniles, hoy cuenta con 1,088 voces en sus filas, mientras que la Orquesta de Guitarras tiene 134 integrantes, que ya han dado muestra de su talento en diversas presentaciones no s\u00f3lo en Morelia sino en otras ciudades como P\u00e1tzcuaro y Paracho, donde se ha proyectado a Morelia de manera positiva, mostrando el talento y entusiasmo de\u00a0los peque\u00f1os.<\/p>\n<p>&nbsp;<\/p>\n<p>Gracias al trabajo del Coro Suma de Voluntades,\u00a0Morelia cumple con los lineamientos marcados por el presidente de M\u00e9xico, Enrique Pe\u00f1a Nieto, en la reconstrucci\u00f3n de una sociedad de paz, m\u00e1s sana y con el entusiasmo de trabajar por una naci\u00f3n, un estado y un municipio m\u00e1s pr\u00f3spero, cumpliendo al mismo tiempo con diversos ejes establecidos en el Plan de Desarrollo Municipal del presidente L\u00e1zaro Medina como son: \u201cMorelia Solidario\u201d, \u201cMorelia Seguro\u201d y \u201cMorelia para el Mundo\u201d.<\/p>\n","protected":false},"excerpt":{"rendered":"<p> A dos a\u00f1os de gobierno del presidente Wilfrido L\u00e1zaro Medina, el Coro Monumental y la Orquesta de Guitarras Suma de Voluntades se ha consolidado como una alternativa efectiva para fortalecer la cohesi\u00f3n social,<\/p>\n","protected":false},"author":1,"featured_media":9559,"comment_status":"open","ping_status":"open","sticky":false,"template":"","format":"standard","meta":{"footnotes":""},"categories":[14,9],"tags":[],"class_list":["post-9558","post","type-post","status-publish","format-standard","has-post-thumbnail","hentry","category-destacadas","category-morelia"],"_links":{"self":[{"href":"https:\/\/radiowebmx.com\/nota\/wp-json\/wp\/v2\/posts\/9558","targetHints":{"allow":["GET"]}}],"collection":[{"href":"https:\/\/radiowebmx.com\/nota\/wp-json\/wp\/v2\/posts"}],"about":[{"href":"https:\/\/radiowebmx.com\/nota\/wp-json\/wp\/v2\/types\/post"}],"author":[{"embeddable":true,"href":"https:\/\/radiowebmx.com\/nota\/wp-json\/wp\/v2\/users\/1"}],"replies":[{"embeddable":true,"href":"https:\/\/radiowebmx.com\/nota\/wp-json\/wp\/v2\/comments?post=9558"}],"version-history":[{"count":1,"href":"https:\/\/radiowebmx.com\/nota\/wp-json\/wp\/v2\/posts\/9558\/revisions"}],"predecessor-version":[{"id":9560,"href":"https:\/\/radiowebmx.com\/nota\/wp-json\/wp\/v2\/posts\/9558\/revisions\/9560"}],"wp:featuredmedia":[{"embeddable":true,"href":"https:\/\/radiowebmx.com\/nota\/wp-json\/wp\/v2\/media\/9559"}],"wp:attachment":[{"href":"https:\/\/radiowebmx.com\/nota\/wp-json\/wp\/v2\/media?parent=9558"}],"wp:term":[{"taxonomy":"category","embeddable":true,"href":"https:\/\/radiowebmx.com\/nota\/wp-json\/wp\/v2\/categories?post=9558"},{"taxonomy":"post_tag","embeddable":true,"href":"https:\/\/radiowebmx.com\/nota\/wp-json\/wp\/v2\/tags?post=9558"}],"curies":[{"name":"wp","href":"https:\/\/api.w.org\/{rel}","templated":true}]}}