{"id":9555,"date":"2014-08-25T11:18:09","date_gmt":"2014-08-25T16:18:09","guid":{"rendered":"https:\/\/radiowebmx.com\/nota\/?p=9555"},"modified":"2014-08-25T11:18:09","modified_gmt":"2014-08-25T16:18:09","slug":"presenta-innovador-proyecto-medallista-olimpico-daniel-aceves","status":"publish","type":"post","link":"https:\/\/radiowebmx.com\/nota\/presenta-innovador-proyecto-medallista-olimpico-daniel-aceves\/","title":{"rendered":"PRESENTA INNOVADOR PROYECTO MEDALLISTA OL\u00cdMPICO DANIEL ACEVES"},"content":{"rendered":"<p><a href=\"https:\/\/radiowebmx.com\/nota\/wp-content\/uploads\/2014\/08\/Proyecto-Centro-Cultural-y-Deportivo-2.jpg\"><img loading=\"lazy\" decoding=\"async\" class=\"alignleft size-full wp-image-9556\" alt=\"Proyecto Centro Cultural y Deportivo 2\" src=\"https:\/\/radiowebmx.com\/nota\/wp-content\/uploads\/2014\/08\/Proyecto-Centro-Cultural-y-Deportivo-2.jpg\" width=\"591\" height=\"361\" srcset=\"https:\/\/radiowebmx.com\/nota\/wp-content\/uploads\/2014\/08\/Proyecto-Centro-Cultural-y-Deportivo-2.jpg 591w, https:\/\/radiowebmx.com\/nota\/wp-content\/uploads\/2014\/08\/Proyecto-Centro-Cultural-y-Deportivo-2-300x183.jpg 300w\" sizes=\"auto, (max-width: 591px) 100vw, 591px\" \/><\/a>El medallista ol\u00edmpico de Los \u00c1ngeles 1984, Daniel Aceves Villagr\u00e1n, present\u00f3 al presidente municipal de Morelia, Wilfrido L\u00e1zaro Medina, un innovador proyecto para construir en la capital michoacana lo que podr\u00eda ser la primera casa del deporte y la cultura a nivel nacional.<\/p>\n<p>&nbsp;<\/p>\n<p>Aceves Villagr\u00e1n explic\u00f3 al edil moreliano que se contempla la edificaci\u00f3n de un espacio multiusos autosustentable que podr\u00eda albergar hasta mil 500 personas al d\u00eda,,\u00a0 sin representar una carga al erario p\u00fablico, donde se practique la fusi\u00f3n de la cultura y el deporte no s\u00f3lo a nivel competitivo, sino tambi\u00e9n en los \u00e1mbitos recreativo y de autocuidado.<\/p>\n<p>&nbsp;<\/p>\n<p>\u201cNo es un centro deportivo, es una casa del deporte y la cultura, donde se combinan una serie de actividades como la danza, la alfabetizaci\u00f3n, la salud, el desarrollo social y, por supuesto, el combate a las adicciones\u201d, afirm\u00f3 el medallista ol\u00edmpico.<\/p>\n<p>&nbsp;<\/p>\n<p>La construcci\u00f3n, dijo, constar\u00eda de dos niveles en una extensi\u00f3n de mil 80 metros de terreno, con materiales m\u00e1s baratos, modernos y ligeros: \u201cAqu\u00ed la apuesta es hacer instalaciones en un metraje muy corto pero que tengan una gran contribuci\u00f3n social\u201d, coment\u00f3 Daniel Aceves, luego de aclarar que estar\u00eda situado en la ciudad, cerca de los morelianos.<\/p>\n<p>&nbsp;<\/p>\n<p>Esto, teniendo como objetivos fundamentales mejorar la calidad de vida de los habitantes y disminuir la prevalencia de enfermedades no transmisibles: \u201cNosotros estamos apostando por una franquicia social con la optimizaci\u00f3n de espacios desde la madrugada hasta el anochecer, perfectamente delimitados, higi\u00e9nicos, luminosos, ordenados y bien administrados\u201d, concluy\u00f3.<\/p>\n","protected":false},"excerpt":{"rendered":"<p>El medallista ol\u00edmpico de Los \u00c1ngeles 1984, Daniel Aceves Villagr\u00e1n, present\u00f3 al presidente municipal de Morelia, Wilfrido L\u00e1zaro Medina, un innovador proyecto para construir en la capital michoacana lo que podr\u00eda ser la primera casa del deporte y la cultura a nivel nacional.<\/p>\n","protected":false},"author":1,"featured_media":9556,"comment_status":"open","ping_status":"open","sticky":false,"template":"","format":"standard","meta":{"footnotes":""},"categories":[14,9],"tags":[],"class_list":["post-9555","post","type-post","status-publish","format-standard","has-post-thumbnail","hentry","category-destacadas","category-morelia"],"_links":{"self":[{"href":"https:\/\/radiowebmx.com\/nota\/wp-json\/wp\/v2\/posts\/9555","targetHints":{"allow":["GET"]}}],"collection":[{"href":"https:\/\/radiowebmx.com\/nota\/wp-json\/wp\/v2\/posts"}],"about":[{"href":"https:\/\/radiowebmx.com\/nota\/wp-json\/wp\/v2\/types\/post"}],"author":[{"embeddable":true,"href":"https:\/\/radiowebmx.com\/nota\/wp-json\/wp\/v2\/users\/1"}],"replies":[{"embeddable":true,"href":"https:\/\/radiowebmx.com\/nota\/wp-json\/wp\/v2\/comments?post=9555"}],"version-history":[{"count":1,"href":"https:\/\/radiowebmx.com\/nota\/wp-json\/wp\/v2\/posts\/9555\/revisions"}],"predecessor-version":[{"id":9557,"href":"https:\/\/radiowebmx.com\/nota\/wp-json\/wp\/v2\/posts\/9555\/revisions\/9557"}],"wp:featuredmedia":[{"embeddable":true,"href":"https:\/\/radiowebmx.com\/nota\/wp-json\/wp\/v2\/media\/9556"}],"wp:attachment":[{"href":"https:\/\/radiowebmx.com\/nota\/wp-json\/wp\/v2\/media?parent=9555"}],"wp:term":[{"taxonomy":"category","embeddable":true,"href":"https:\/\/radiowebmx.com\/nota\/wp-json\/wp\/v2\/categories?post=9555"},{"taxonomy":"post_tag","embeddable":true,"href":"https:\/\/radiowebmx.com\/nota\/wp-json\/wp\/v2\/tags?post=9555"}],"curies":[{"name":"wp","href":"https:\/\/api.w.org\/{rel}","templated":true}]}}