{"id":9552,"date":"2014-08-25T11:13:58","date_gmt":"2014-08-25T16:13:58","guid":{"rendered":"https:\/\/radiowebmx.com\/nota\/?p=9552"},"modified":"2014-08-25T11:13:58","modified_gmt":"2014-08-25T16:13:58","slug":"continua-el-apoyo-del-ayuntamiento-de-morelia-a-mujeres-privadas-de-su-libertad","status":"publish","type":"post","link":"https:\/\/radiowebmx.com\/nota\/continua-el-apoyo-del-ayuntamiento-de-morelia-a-mujeres-privadas-de-su-libertad\/","title":{"rendered":"CONTIN\u00daA EL APOYO DEL AYUNTAMIENTO DE MORELIA A MUJERES PRIVADAS DE SU LIBERTAD"},"content":{"rendered":"<p><a href=\"https:\/\/radiowebmx.com\/nota\/wp-content\/uploads\/2014\/08\/IMMO-2.jpg\"><img loading=\"lazy\" decoding=\"async\" class=\"alignleft size-full wp-image-9553\" alt=\"IMMO (2)\" src=\"https:\/\/radiowebmx.com\/nota\/wp-content\/uploads\/2014\/08\/IMMO-2.jpg\" width=\"591\" height=\"319\" srcset=\"https:\/\/radiowebmx.com\/nota\/wp-content\/uploads\/2014\/08\/IMMO-2.jpg 591w, https:\/\/radiowebmx.com\/nota\/wp-content\/uploads\/2014\/08\/IMMO-2-300x161.jpg 300w\" sizes=\"auto, (max-width: 591px) 100vw, 591px\" \/><\/a>Con el objetivo de lograr un Morelia Solidario, el Ayuntamiento que preside Wilfrido L\u00e1zaro Medina, a trav\u00e9s del Instituto de la Mujer Moreliana (IMMO), contin\u00faa apoyando a f\u00e9minas privadas de su libertad que se encuentran en el Centro de Reinserci\u00f3n Social \u201cLic. David Franco Rodr\u00edguez\u201d, con una brigada jur\u00eddica en beneficio de 150 internas, luego de conseguir la excarcelaci\u00f3n en ocho casos.<\/p>\n<p>&nbsp;<\/p>\n<p>La jefa del Departamento Jur\u00eddico de la dependencia, Irma Villag\u00f3mez Carbajal, explic\u00f3 que la brigada se realizar\u00e1 a fines de agosto y principios de septiembre, mediante el an\u00e1lisis detallado del centenar y medio de expedientes para detectar en cu\u00e1les pueden aplicarse sustitutivos penales y\/o beneficios de libertad anticipada, adem\u00e1s de brindar asesor\u00eda sobre los mecanismos de defensa procedentes en cada uno de ellos.<\/p>\n<p>&nbsp;<\/p>\n<p>La funcionaria adelant\u00f3 que actualmente, en una Suma de Voluntades con la Comisi\u00f3n Nacional para el Desarrollo de los Pueblos Ind\u00edgenas (CDI), se busca la liberaci\u00f3n de una mujer originaria de Chilchota, quien fue acusada injustamente de delitos mayores que no cometi\u00f3, cuando fue juzgada en el penal de Uruapan, sin que se le asignara un traductor ni defensor de oficio que hablara pur\u00e9pecha, ante su desconocimiento del idioma espa\u00f1ol.<\/p>\n<p>&nbsp;<\/p>\n<p>Posteriormente, fue trasladada al Cereso de Morelia, y as\u00ed fue posible abordar su caso, por lo que pr\u00f3ximamente el Instituto y la CDI acudir\u00e1n en su defensa a una audiencia oral, donde expondr\u00e1n las irregularidades que se han detectado en su proceso, adem\u00e1s de la violencia f\u00edsica y discriminaci\u00f3n que sufri\u00f3 antes de llegar a la capital michoacana, junto con su hija.<\/p>\n<p>&nbsp;<\/p>\n<p>Villag\u00f3mez Carbajal record\u00f3 que a la fecha el IMMO ha conseguido ocho excarcelaciones: tres en abril, tres en mayo y dos en junio\/julio, en las cuales apoy\u00f3 a las beneficiadas con los tr\u00e1mites para conseguir su libertad, y gracias a la donaci\u00f3n de los recursos econ\u00f3micos necesarios para el dep\u00f3sito de las multas y fianzas por parte de una persona altruista, de aproximadamente 7 mil 500 pesos por cada una, excepto en un caso en que pagaron los familiares.<\/p>\n<p>&nbsp;<\/p>\n<p>Para ello, se hizo una revisi\u00f3n minuciosa de sus expedientes, facilitados por la subdirectora jur\u00eddica del Cereso \u201cDavid Franco Rodr\u00edguez\u201d, Mar\u00eda del Rosario Rueda Olmos, donde se comprob\u00f3 que fueran primo-delincuentes con buena conducta al interior del penal, y se valor\u00f3 que todas ellas son madres de nivel econ\u00f3mico bajo, que fueron sentenciadas por delitos menores o mayores no acreditados.<\/p>\n<p>&nbsp;<\/p>\n<p>Posteriormente, las ocho mujeres liberadas fueron canalizadas con la jefa del Departamento de Asistencia Social y Psicolog\u00eda del IMMO, Fermina Arellano Montero, quien les brind\u00f3 herramientas para su reintegraci\u00f3n a la sociedad y el aprendizaje de oficios mediante los cursos y talleres que brinda la dependencia municipal.<\/p>\n","protected":false},"excerpt":{"rendered":"<p>Con el objetivo de lograr un Morelia Solidario, el Ayuntamiento que preside Wilfrido L\u00e1zaro Medina, a trav\u00e9s del Instituto de la Mujer Moreliana (IMMO), contin\u00faa apoyando a f\u00e9minas privadas de su libertad que se encuentran en el Centro de Reinserci\u00f3n Social \u201cLic. David Franco Rodr\u00edguez\u201d, <\/p>\n","protected":false},"author":1,"featured_media":9553,"comment_status":"open","ping_status":"open","sticky":false,"template":"","format":"standard","meta":{"footnotes":""},"categories":[14,9],"tags":[],"class_list":["post-9552","post","type-post","status-publish","format-standard","has-post-thumbnail","hentry","category-destacadas","category-morelia"],"_links":{"self":[{"href":"https:\/\/radiowebmx.com\/nota\/wp-json\/wp\/v2\/posts\/9552","targetHints":{"allow":["GET"]}}],"collection":[{"href":"https:\/\/radiowebmx.com\/nota\/wp-json\/wp\/v2\/posts"}],"about":[{"href":"https:\/\/radiowebmx.com\/nota\/wp-json\/wp\/v2\/types\/post"}],"author":[{"embeddable":true,"href":"https:\/\/radiowebmx.com\/nota\/wp-json\/wp\/v2\/users\/1"}],"replies":[{"embeddable":true,"href":"https:\/\/radiowebmx.com\/nota\/wp-json\/wp\/v2\/comments?post=9552"}],"version-history":[{"count":1,"href":"https:\/\/radiowebmx.com\/nota\/wp-json\/wp\/v2\/posts\/9552\/revisions"}],"predecessor-version":[{"id":9554,"href":"https:\/\/radiowebmx.com\/nota\/wp-json\/wp\/v2\/posts\/9552\/revisions\/9554"}],"wp:featuredmedia":[{"embeddable":true,"href":"https:\/\/radiowebmx.com\/nota\/wp-json\/wp\/v2\/media\/9553"}],"wp:attachment":[{"href":"https:\/\/radiowebmx.com\/nota\/wp-json\/wp\/v2\/media?parent=9552"}],"wp:term":[{"taxonomy":"category","embeddable":true,"href":"https:\/\/radiowebmx.com\/nota\/wp-json\/wp\/v2\/categories?post=9552"},{"taxonomy":"post_tag","embeddable":true,"href":"https:\/\/radiowebmx.com\/nota\/wp-json\/wp\/v2\/tags?post=9552"}],"curies":[{"name":"wp","href":"https:\/\/api.w.org\/{rel}","templated":true}]}}