{"id":9536,"date":"2014-08-25T10:43:21","date_gmt":"2014-08-25T15:43:21","guid":{"rendered":"https:\/\/radiowebmx.com\/nota\/?p=9536"},"modified":"2014-08-25T10:43:21","modified_gmt":"2014-08-25T15:43:21","slug":"arranca-en-morelia-el-primer-congreso-nacional-de-lucha-olimpica","status":"publish","type":"post","link":"https:\/\/radiowebmx.com\/nota\/arranca-en-morelia-el-primer-congreso-nacional-de-lucha-olimpica\/","title":{"rendered":"ARRANCA EN MORELIA EL PRIMER CONGRESO NACIONAL DE LUCHA OL\u00cdMPICA"},"content":{"rendered":"<p><a href=\"https:\/\/radiowebmx.com\/nota\/wp-content\/uploads\/2014\/08\/Congreso-Taller-Nacional-2.jpg\"><img loading=\"lazy\" decoding=\"async\" class=\"alignleft size-full wp-image-9537\" alt=\"Congreso Taller Nacional 2\" src=\"https:\/\/radiowebmx.com\/nota\/wp-content\/uploads\/2014\/08\/Congreso-Taller-Nacional-2.jpg\" width=\"591\" height=\"352\" srcset=\"https:\/\/radiowebmx.com\/nota\/wp-content\/uploads\/2014\/08\/Congreso-Taller-Nacional-2.jpg 591w, https:\/\/radiowebmx.com\/nota\/wp-content\/uploads\/2014\/08\/Congreso-Taller-Nacional-2-300x178.jpg 300w\" sizes=\"auto, (max-width: 591px) 100vw, 591px\" \/><\/a>En el marco de la inauguraci\u00f3n del Primer Congreso-Taller Nacional de Lucha Ol\u00edmpica \u201cProf. Abel Hern\u00e1ndez Cort\u00e9s\u201d, el medallista ol\u00edmpico Daniel Aceves reconoci\u00f3 y elogi\u00f3 el trabajo realizado por el presidente Wilfrido L\u00e1zaro Medina, quien dijo ha logrado colocar como Morelia como epicentro de la actividad deportiva en M\u00e9xico.<\/p>\n<p>&nbsp;<\/p>\n<p>\u201cMorelia se ha convertido en muchos sentidos en el epicentro del deporte de M\u00e9xico, lo cual no hubiera sido posible sin un presidente municipal que hubiera tenido no s\u00f3lo la vocaci\u00f3n para poder instrumentar los pasos necesarios para que Morelia se convirtiera precisamente en este punto de referencia, dif\u00edcilmente hoy pudi\u00e9ramos estar visualizando este concepto y por eso agradecemos a Wilfrido L\u00e1zaro Medina\u201c, afirm\u00f3 en su mensaje Daniel Aceves Villagr\u00e1n, medallista de plata en Los \u00c1ngeles 1984, quien fue el encargado de dar la declaratoria inaugural.<\/p>\n<p>&nbsp;<\/p>\n<p>Este primer Congreso-Taller se ha hecho posible gracias a la Suma de Voluntades entre el Ayuntamiento de Morelia y el Pentatl\u00f3n Deportivo Militarizado Universitario XVI Zona Michoac\u00e1n y tiene lugar en el Hotel Best Western de la capital michoacana con la participaci\u00f3n de 300 asistentes de diversas regiones de la Rep\u00fablica Mexicana.<\/p>\n<p>&nbsp;<\/p>\n<p>\u201cMorelia, la nueva capital del deporte, se congratula en ser la sede oficial de este primer encuentro deportivo nacional de esta disciplina. En el gobierno de Morelia hemos decidido impulsar el deporte como una forma de vida, como una estrategia para que todos los morelianos estemos encausados en lo mejor de la vida, en la salud, en la disciplina, en la convivencia sana, en la competencia y la mejor forma en la que podemos encausar nuestra vida es a trav\u00e9s de aquello que nos lleva a ser mejores personas como lo es el deporte\u201d, afirm\u00f3 en su mensaje de bienvenida el profesor Wilfrido L\u00e1zaro Medina.<\/p>\n<p>&nbsp;<\/p>\n<p>El edil moreliano agradeci\u00f3 la iniciativa que tuvo el doctor Wilfrido Herrera Calder\u00f3n, tercer comandante de infanter\u00eda de la zona XVI de Michoac\u00e1n del Pentatl\u00f3n Deportivo Militarizado, quien hizo posible la realizaci\u00f3n de este importante evento en Morelia, en coordinaci\u00f3n con el Instituto Municipal de Cultura F\u00edsica de Deporte, encabezado por Miguel \u00c1ngel Garc\u00eda Meza.<\/p>\n<p>&nbsp;<\/p>\n<p>En el marco de esta inauguraci\u00f3n, el presidente municipal de Morelia, Wilfrido L\u00e1zaro Medina, entreg\u00f3 un reconocimiento al medallista ol\u00edmpico Daniel Aceves, quien tambi\u00e9n recibi\u00f3 una medalla de plata del Pentatl\u00f3n.<\/p>\n<p>&nbsp;<\/p>\n<p>Otras autoridades presentes en la inauguraci\u00f3n fueron Ruth Huipe Estrada, directora de la Comisi\u00f3n Estatal de Cultura F\u00edsica y Deporte y representante personal del gobernador Salvador Jara Guerrero; Ra\u00fal Hern\u00e1ndez Padilla, comandante general nacional del pentatl\u00f3n deportivo militarizado; Ang\u00e9lica Reyes \u00c1vila, secretaria general del Comit\u00e9 Ejecutivo de la Secci\u00f3n 18 del SNTE en Michoac\u00e1n y Francisco Ch\u00e1vez Ibarra, director de Educaci\u00f3n F\u00edsica de la Secretar\u00eda de Educaci\u00f3n en el Estado, entre otras personalidades.<\/p>\n","protected":false},"excerpt":{"rendered":"<p>En el marco de la inauguraci\u00f3n del Primer Congreso-Taller Nacional de Lucha Ol\u00edmpica \u201cProf. Abel Hern\u00e1ndez Cort\u00e9s\u201d, el medallista ol\u00edmpico Daniel Aceves reconoci\u00f3 y elogi\u00f3 el trabajo realizado por el presidente Wilfrido L\u00e1zaro Medina, <\/p>\n","protected":false},"author":1,"featured_media":9537,"comment_status":"open","ping_status":"open","sticky":false,"template":"","format":"standard","meta":{"footnotes":""},"categories":[14,9],"tags":[],"class_list":["post-9536","post","type-post","status-publish","format-standard","has-post-thumbnail","hentry","category-destacadas","category-morelia"],"_links":{"self":[{"href":"https:\/\/radiowebmx.com\/nota\/wp-json\/wp\/v2\/posts\/9536","targetHints":{"allow":["GET"]}}],"collection":[{"href":"https:\/\/radiowebmx.com\/nota\/wp-json\/wp\/v2\/posts"}],"about":[{"href":"https:\/\/radiowebmx.com\/nota\/wp-json\/wp\/v2\/types\/post"}],"author":[{"embeddable":true,"href":"https:\/\/radiowebmx.com\/nota\/wp-json\/wp\/v2\/users\/1"}],"replies":[{"embeddable":true,"href":"https:\/\/radiowebmx.com\/nota\/wp-json\/wp\/v2\/comments?post=9536"}],"version-history":[{"count":2,"href":"https:\/\/radiowebmx.com\/nota\/wp-json\/wp\/v2\/posts\/9536\/revisions"}],"predecessor-version":[{"id":9539,"href":"https:\/\/radiowebmx.com\/nota\/wp-json\/wp\/v2\/posts\/9536\/revisions\/9539"}],"wp:featuredmedia":[{"embeddable":true,"href":"https:\/\/radiowebmx.com\/nota\/wp-json\/wp\/v2\/media\/9537"}],"wp:attachment":[{"href":"https:\/\/radiowebmx.com\/nota\/wp-json\/wp\/v2\/media?parent=9536"}],"wp:term":[{"taxonomy":"category","embeddable":true,"href":"https:\/\/radiowebmx.com\/nota\/wp-json\/wp\/v2\/categories?post=9536"},{"taxonomy":"post_tag","embeddable":true,"href":"https:\/\/radiowebmx.com\/nota\/wp-json\/wp\/v2\/tags?post=9536"}],"curies":[{"name":"wp","href":"https:\/\/api.w.org\/{rel}","templated":true}]}}