{"id":9533,"date":"2014-08-25T10:32:10","date_gmt":"2014-08-25T15:32:10","guid":{"rendered":"https:\/\/radiowebmx.com\/nota\/?p=9533"},"modified":"2014-08-25T10:32:10","modified_gmt":"2014-08-25T15:32:10","slug":"temas-de-cafe-185","status":"publish","type":"post","link":"https:\/\/radiowebmx.com\/nota\/temas-de-cafe-185\/","title":{"rendered":"TEMAS DE CAF\u00c9"},"content":{"rendered":"<p><a href=\"https:\/\/radiowebmx.com\/nota\/wp-content\/uploads\/2013\/06\/temas-de-cafe.jpg\"><img loading=\"lazy\" decoding=\"async\" class=\"alignleft size-full wp-image-2805\" alt=\"temas de cafe\" src=\"https:\/\/radiowebmx.com\/nota\/wp-content\/uploads\/2013\/06\/temas-de-cafe.jpg\" width=\"295\" height=\"171\" \/><\/a>+ EN LAS ENCUESTAS, EL PRI MAL<\/p>\n<p>+ NI IMPUESTOS, NI GASOLINA<\/p>\n<p>+ PROCU Y LA SSP, EXPLICARAN<\/p>\n<p>+ POR UN MICHOACAN HONESTO<\/p>\n<p>En 1940 Alemania asumi\u00f3 el gobierno de Par\u00eds, los ej\u00e9rcitos de Hitler asolaron tierras europeas, por cuatro a\u00f1os Los Nazis mandaron en la Ciudad Luz, casi inmediatamente surgi\u00f3 la Resistencia o tambi\u00e9n llamados Partisanos, quienes atacaban a los alemanes y a los franceses que colaboraron con ellos, porque los consideraron traidores a la Patria, las huestes de Leclerc apoyados por Charles De Gaulle, nunca dieron cuartel a los invasores, quienes estaban a las \u00f3rdenes de Dietrich Von Choltizt, gobernador alem\u00e1n de Par\u00eds, entre los d\u00edas 21 y 25 de agosto de 1944, Lo Aliados cercaron Par\u00eds y los integrantes de la Resistencia agudizaron sus ataques, contra alemanes y sus colaboradores franceses, finalmente Par\u00eds fue liberado, y aseguran que Hitler furioso le pidi\u00f3 a Von Choltizt, incendiara la Ciudad Luz, de ah\u00ed la frase: \u00bfArde Par\u00eds?, seguramente en los 4 a\u00f1os el gobernador alem\u00e1n, aprendi\u00f3 a querer a Par\u00eds, por eso no cumpli\u00f3 las \u00f3rdenes del Fuhrer. Finalmente los invasores tarde o temprano se tienen que ir<\/p>\n<p>EN ULTIMA ENCUESTA EL PRI MAL Y CHON BIEN<\/p>\n<p>Anda circulando una encuesta que nos llama la atenci\u00f3n, la metodolog\u00eda es la siguiente, se levant\u00f3 los \u00faltimos d\u00edas de julio entre mil 245 personas mayores de edad, con\u00a0 credencial del IFE\u00a0 o del \u00a0INE, en 83 lugares de la geograf\u00eda michoacana, y las preguntas y respuestas son las siguientes: \u00bf,A qu\u00e9 partido prefiere m\u00e1s?:\u00a0 PRD 24.45, el PAN 23.50, el PRI 21.71, Morena 4.3 y siguen\u00a0 MC, PT, Verde, Nueva Alianza y la sorpresa fue el Verde, partido que hab\u00eda mantenido una votaci\u00f3n atractiva, ahora tiene 1.27 de preferencias. El PRI tercer lugar,\u00a0 lo cual nos parece obviamente normal.<\/p>\n<p>La siguiente pregunta fue: \u00bfPor qu\u00e9 partido no votar\u00eda?, por el PRI 28. 44, el PRD 25.38, el PAN 21.15 y Morena es el m\u00e1s beneficiado\u00a0 con esta pregunta, es el menos repudiado, con 0.70 por ciento. La tercera pregunta fue preferencias electorales entre militantes o simpatizantes del PRI, y el resultado fue el siguiente: Chon Orihuela\u00a0 21.77, V\u00edctor Silva 15. 90, Wilfrido L\u00e1zaro 8.65, Anaya 5.84 los dem\u00e1s son tambi\u00e9n broma. Preferencias electorales entre los panistas: Luisa Mar\u00eda Calder\u00f3n 25.81, Marko 16.32, Vega 8.76 y\u00a0 Gonz\u00e1lez Morf\u00edn 4.55. Las preferencias entre perredistas son las siguientes: Silvano 24.48, Mor\u00f3n 12.59, Fidel 10.64 y Uriel 6.35.<\/p>\n<p>LA ULTIMA PREGUNTA FUE A POBLACION ABIERTA<\/p>\n<p>Luisa Mar\u00eda Calder\u00f3n 16.22, Silvano 13.30, Chon 11.27, Silva 8.81, Mor\u00f3n 6.38, Fidel 5.23, Wilfrido L\u00e1zaro 7.71 y Vega Casillas 4.10. Le recordamos que las encuestas son solamente radiograf\u00edas del momento, todo puede cambiar, porque a\u00fan se tienen muchas variables, por ejemplo de los se\u00f1alados, casi todos han estado en contiendas electorales para gobernador, principalmente Luisa Mar\u00eda y Silvano; Marko ha contendido para la presidencia municipal de Morelia, Chon es Senador de la Rep\u00fablica y Wilfrido L\u00e1zaro, gan\u00f3 la contienda para alcalde de Morelia, Mor\u00f3n gan\u00f3 su senadur\u00eda en un proceso electoral.<\/p>\n<p>En cuanto a\u00a0 Fidel Calder\u00f3n ha estado en pre campa\u00f1a, desde que lleg\u00f3 al Congreso, Vega Casillas igual, el \u00fanico que no ha contendido para un puesto de mayor\u00eda ha sido V\u00edctor Silva, quien se mantiene trabajando pero no ha dicho ni lo dir\u00e1, si quiere ser candidato, se supone que s\u00ed, por eso se le incluye o aparece en las encuestas, pero a ciencia cierta ni siquiera se sabe si tiene inter\u00e9s, en contender por el gobierno de Michoac\u00e1n, principalmente como se encuentra la situaci\u00f3n hoy, de acuerdo a esta encuesta si la elecci\u00f3n fuera hoy, ganar\u00eda el PAN con Luisa Mar\u00eda Calder\u00f3n, as\u00ed de sencillo y su rival m\u00e1s cercano ser\u00eda Silvano Aureoles.<\/p>\n<p>ATRACTIVOS RUMBO AL SEGUNDO INFORME<\/p>\n<p>Los\u00a0 vicecoordinadores priistas en la c\u00e1mara de diputados, Manuel A\u00f1orve\u00a0 e Irazema Gonz\u00e1lez dieron a conocer, que Luis Videgaray les dijo en una reuni\u00f3n, con el titular de Hacienda que para el presupuesto del a\u00f1o entrante, no se contemplaban incrementos a los impuestos ni m\u00e1s gasolinazos, falt\u00f3 que tambi\u00e9n dijera que tampoco el gas tendr\u00e1 incrementos, desde luego esto puede ser mentira, pero de ser cierto la Presidencia se prepara para el segundo informe, y las elecciones del a\u00f1o entrante,\u00a0 porque de no hacer nada, el PRI no podr\u00eda lograr mayor\u00eda y adem\u00e1s perder\u00eda, la mayor\u00eda de las nueve elecciones\u00a0 para gobernador, desde luego Michoac\u00e1n incluido.<\/p>\n<p>POR UN MICHOACAN\u00a0 HONESTO, BUENA CAMPA\u00d1A<\/p>\n<p>Es satisfactorio conocer que en la Coordinaci\u00f3n de la Contralor\u00eda, hay una direcci\u00f3n social, que se encarga de inculcar la cultura de la honestidad, entre los peque\u00f1os escolares y jovencitos de la secundaria, porque las generaciones mayores ya son un caso perdido, por eso es de subrayar el esfuerzo que se renov\u00f3 ahora con el Contralor\u00a0 del Estado, Gabriel Joaqu\u00edn Montiel quien ha resultado, un promotor de esta cultura, adem\u00e1s de\u00a0 que como le comentamos, siente una responsabilidad mayor, ayudar a poner en orden a la administraci\u00f3n de Salvador Jara. Esto fue el fin de la semana pasada en Ziracuaretiro\u00a0 y Uruapan, con la campa\u00f1a llamada: Por un Michoac\u00e1n Honesto y vaya que es una labor tit\u00e1nica, pero vale la pena intentarla, Adem\u00e1s a los ni\u00f1os se les convierte en contralores sociales, les dan una camiseta, una pulserita y todo esto\u00a0 para empezar a crear un Michoac\u00e1n Honesto.<\/p>\n<p>MARTIN GODOY CARLOS HUGO AL CONGRESO<\/p>\n<p>Se dio a conocer que este d\u00eda comparecer\u00e1n ante comisiones del congreso del estado, el Procurador de Justicia Mart\u00edn Godoy y el Secretario\u00a0 de Seguridad, Carlos Hugo Castellanos, para que expliquen a los legisladores, la situaci\u00f3n que se vive\u00a0 hoy y c\u00f3mo se enfrenta la inseguridad, a pesar de que el discurso oficial es que la inseguridad se ha logrado vencer, cuando en Morelia siguen los hechos delictuosos todos los d\u00edas. Llama la atenci\u00f3n que estos funcionarios estatales, que obedecen\u00a0 al Comisionado no al gobierno del estado, aceptaron acudir a \u201crebajarse\u201d ante los representantes michoacanos, a los cuales han menospreciado en anteriores ocasiones.<\/p>\n<p>EL JUEVES 28 INICIAN FESTEJOS DEL BICENTENARIO<\/p>\n<p>C\u00e9sar Ch\u00e1vez Garibay diputado presidente de la Comisi\u00f3n, para la Celebraci\u00f3n del\u00a0 Bicentenario del Decreto Constitucional para la Libertad de la Am\u00e9rica Mexicana, dio a conocer que las festividades, estar\u00e1n a la altura de la historia, ser\u00e1 este jueves 28 cuando inicien los festejos para conmemorar este hecho, que le dio orden a la lucha por la Independencia de M\u00e9xico, en este evento estar\u00e1 presente la Secretaria de Gobernaci\u00f3n, a trav\u00e9s de Faride Rodr\u00edguez Velasco y representantes, del gobierno estatal y municipal, ese mismo d\u00eda se dar\u00e1 a conocer el programa a desarrollar en estas fiestas.<\/p>\n<p>Las cuales se engarzar\u00e1n con la fiestas patrias de Septiembre, y que habr\u00e1n de culminar el 22 de octubre, con una serie de festejos los cuales suponemos estar\u00e1n presididos, por el presidente de M\u00e9xico, Enrique Pe\u00f1a Nieto ya que el hecho lo amerita, como lo hizo hace cincuenta a\u00f1os el ex presidente de M\u00e9xico, Adolfo L\u00f3pez Mateos quien presidi\u00f3 los festejos de los 150 a\u00f1os, de la promulgaci\u00f3n de esta Carta Magna. Ese d\u00eda habr\u00e1 una exposici\u00f3n\u00a0 sobre la\u00a0 Constituci\u00f3n, una obra teatral: Morelos, los Sentimientos de un H\u00e9roe, y se dar\u00e1 a conocer la convocatoria para la entrega, de la Condecoraci\u00f3n Constituci\u00f3n de Apatzing\u00e1n, un d\u00eda antes en Morelia Patricia Galeana disertar\u00e1, una conferencia magistral sobre el\u00a0 Bicentenario.<\/p>\n<p>PAPA PITUFO E HIPOLITO MORA, POR UNA DIPUTACION<\/p>\n<p>Tal vez uno ir\u00e1 por una diputaci\u00f3n local y otra por una federal, porque ambos son del mismo distrito por lo cual, no pueden buscar el mismo cargo de representaci\u00f3n popular y si presionan un poco, tal vez logren una local hasta de representaci\u00f3n proporcional, porque estos dos personajes, incluido Jos\u00e9 Manuel Mireles en el pasado, se interesaron y participaron en contiendas internas, para buscar posiciones de representaci\u00f3n pol\u00edtica, la mayor\u00eda de ellos lo hicieron por el PRD, ahora realmente no sabemos bien, pero de que les gustar\u00eda convertirse en representantes populares desde luego que s\u00ed, ya dijo Hip\u00f3lito y Pap\u00e1 Pitufo sin ruborizarse,\u00a0 que si se los piden podr\u00edan sacrificarse por el pueblo, para quien se han dedicad<\/p>\n","protected":false},"excerpt":{"rendered":"<p>+ EN LAS ENCUESTAS, EL PRI MAL<br \/>\n+ NI IMPUESTOS, NI GASOLINA<br \/>\n+ PROCU Y LA SSP, EXPLICARAN<br \/>\n+ POR UN MICHOACAN HONESTO\t<\/p>\n","protected":false},"author":1,"featured_media":0,"comment_status":"open","ping_status":"open","sticky":false,"template":"","format":"standard","meta":{"footnotes":""},"categories":[4,14,10],"tags":[],"class_list":["post-9533","post","type-post","status-publish","format-standard","hentry","category-columnistas","category-destacadas","category-juan-manuel-belmonte"],"_links":{"self":[{"href":"https:\/\/radiowebmx.com\/nota\/wp-json\/wp\/v2\/posts\/9533","targetHints":{"allow":["GET"]}}],"collection":[{"href":"https:\/\/radiowebmx.com\/nota\/wp-json\/wp\/v2\/posts"}],"about":[{"href":"https:\/\/radiowebmx.com\/nota\/wp-json\/wp\/v2\/types\/post"}],"author":[{"embeddable":true,"href":"https:\/\/radiowebmx.com\/nota\/wp-json\/wp\/v2\/users\/1"}],"replies":[{"embeddable":true,"href":"https:\/\/radiowebmx.com\/nota\/wp-json\/wp\/v2\/comments?post=9533"}],"version-history":[{"count":2,"href":"https:\/\/radiowebmx.com\/nota\/wp-json\/wp\/v2\/posts\/9533\/revisions"}],"predecessor-version":[{"id":9535,"href":"https:\/\/radiowebmx.com\/nota\/wp-json\/wp\/v2\/posts\/9533\/revisions\/9535"}],"wp:attachment":[{"href":"https:\/\/radiowebmx.com\/nota\/wp-json\/wp\/v2\/media?parent=9533"}],"wp:term":[{"taxonomy":"category","embeddable":true,"href":"https:\/\/radiowebmx.com\/nota\/wp-json\/wp\/v2\/categories?post=9533"},{"taxonomy":"post_tag","embeddable":true,"href":"https:\/\/radiowebmx.com\/nota\/wp-json\/wp\/v2\/tags?post=9533"}],"curies":[{"name":"wp","href":"https:\/\/api.w.org\/{rel}","templated":true}]}}