{"id":9524,"date":"2014-08-22T14:56:18","date_gmt":"2014-08-22T19:56:18","guid":{"rendered":"https:\/\/radiowebmx.com\/nota\/?p=9524"},"modified":"2014-08-22T14:56:18","modified_gmt":"2014-08-22T19:56:18","slug":"avance-de-70-en-laterales-de-camelinas","status":"publish","type":"post","link":"https:\/\/radiowebmx.com\/nota\/avance-de-70-en-laterales-de-camelinas\/","title":{"rendered":"AVANCE DE 70% EN LATERALES DE CAMELINAS"},"content":{"rendered":"<p><a href=\"https:\/\/radiowebmx.com\/nota\/wp-content\/uploads\/2014\/08\/SAM_1515.jpg\"><img loading=\"lazy\" decoding=\"async\" class=\"alignleft size-full wp-image-9525\" alt=\"SAM_1515\" src=\"https:\/\/radiowebmx.com\/nota\/wp-content\/uploads\/2014\/08\/SAM_1515.jpg\" width=\"591\" height=\"330\" srcset=\"https:\/\/radiowebmx.com\/nota\/wp-content\/uploads\/2014\/08\/SAM_1515.jpg 591w, https:\/\/radiowebmx.com\/nota\/wp-content\/uploads\/2014\/08\/SAM_1515-300x167.jpg 300w, https:\/\/radiowebmx.com\/nota\/wp-content\/uploads\/2014\/08\/SAM_1515-284x158.jpg 284w, https:\/\/radiowebmx.com\/nota\/wp-content\/uploads\/2014\/08\/SAM_1515-128x72.jpg 128w\" sizes=\"auto, (max-width: 591px) 100vw, 591px\" \/><\/a>A tan s\u00f3lo 23 d\u00edas de que la Secretar\u00eda de Obras P\u00fablicas del Ayuntamiento de Morelia inici\u00f3 la reposici\u00f3n de pavimento en los carriles laterales de la avenida Camelinas, los trabajos alcanzan un avance de 70 por ciento, a pesar de las constantes lluvias que se han presentado en la capital michoacana.<\/p>\n<p>&nbsp;<\/p>\n<p>La obra, que comenz\u00f3 en el cruce de la avenida Camelinas con la calle Virrey de Mendoza, ya fue concluida en la lateral Sur, a la altura del Monumento Naval; en tanto, el progreso en la lateral Norte se extiende hasta el cruce con el boulevard Sans\u00f3n Flores.<\/p>\n<p>&nbsp;<\/p>\n<p>La reposici\u00f3n de pavimento se realiza con una inversi\u00f3n municipal de dos millones de pesos, para beneficio de aproximadamente 600 mil habitantes. Hasta el momento las labores se efect\u00faan en horario de 7:00 a 19:00 horas, y al t\u00e9rmino de cada jornada se abre la vialidad a la circulaci\u00f3n vehicular.<\/p>\n<p>&nbsp;<\/p>\n<p>El proceso consiste en la\u00a0escarificaci\u00f3n o cepillado del asfalto viejo a seis cent\u00edmetros de profundidad, con la finalidad de removerlo; despu\u00e9s, se retira el escombro y se limpia la superficie para suministrar un riego de liga (tipo de chapopote) y se coloca una carpeta asf\u00e1ltica con peralte de 6 cm; luego se pasa por encima una m\u00e1quina llamada &#8220;dupactur&#8221;, que conforma la mezcla colocada y finalmente se deja secar.<\/p>\n","protected":false},"excerpt":{"rendered":"<p>A tan s\u00f3lo 23 d\u00edas de que la Secretar\u00eda de Obras P\u00fablicas del Ayuntamiento de Morelia inici\u00f3 la reposici\u00f3n de pavimento en los carriles laterales de la avenida Camelinas, los trabajos alcanzan un avance de 70 por ciento, a pesar de las constantes lluvias que se han presentado en la capital michoacana.<\/p>\n","protected":false},"author":1,"featured_media":9525,"comment_status":"open","ping_status":"open","sticky":false,"template":"","format":"standard","meta":{"footnotes":""},"categories":[14,9],"tags":[],"class_list":["post-9524","post","type-post","status-publish","format-standard","has-post-thumbnail","hentry","category-destacadas","category-morelia"],"_links":{"self":[{"href":"https:\/\/radiowebmx.com\/nota\/wp-json\/wp\/v2\/posts\/9524","targetHints":{"allow":["GET"]}}],"collection":[{"href":"https:\/\/radiowebmx.com\/nota\/wp-json\/wp\/v2\/posts"}],"about":[{"href":"https:\/\/radiowebmx.com\/nota\/wp-json\/wp\/v2\/types\/post"}],"author":[{"embeddable":true,"href":"https:\/\/radiowebmx.com\/nota\/wp-json\/wp\/v2\/users\/1"}],"replies":[{"embeddable":true,"href":"https:\/\/radiowebmx.com\/nota\/wp-json\/wp\/v2\/comments?post=9524"}],"version-history":[{"count":1,"href":"https:\/\/radiowebmx.com\/nota\/wp-json\/wp\/v2\/posts\/9524\/revisions"}],"predecessor-version":[{"id":9526,"href":"https:\/\/radiowebmx.com\/nota\/wp-json\/wp\/v2\/posts\/9524\/revisions\/9526"}],"wp:featuredmedia":[{"embeddable":true,"href":"https:\/\/radiowebmx.com\/nota\/wp-json\/wp\/v2\/media\/9525"}],"wp:attachment":[{"href":"https:\/\/radiowebmx.com\/nota\/wp-json\/wp\/v2\/media?parent=9524"}],"wp:term":[{"taxonomy":"category","embeddable":true,"href":"https:\/\/radiowebmx.com\/nota\/wp-json\/wp\/v2\/categories?post=9524"},{"taxonomy":"post_tag","embeddable":true,"href":"https:\/\/radiowebmx.com\/nota\/wp-json\/wp\/v2\/tags?post=9524"}],"curies":[{"name":"wp","href":"https:\/\/api.w.org\/{rel}","templated":true}]}}