{"id":9443,"date":"2014-08-20T19:33:16","date_gmt":"2014-08-21T00:33:16","guid":{"rendered":"https:\/\/radiowebmx.com\/nota\/?p=9443"},"modified":"2014-08-20T19:33:16","modified_gmt":"2014-08-21T00:33:16","slug":"cero-tolerancia-al-desvio-de-recursos-publicos-salvador-jara-guerrero","status":"publish","type":"post","link":"https:\/\/radiowebmx.com\/nota\/cero-tolerancia-al-desvio-de-recursos-publicos-salvador-jara-guerrero\/","title":{"rendered":"CERO TOLERANCIA AL DESV\u00cdO DE RECURSOS P\u00daBLICOS: SALVADOR JARA GUERRERO"},"content":{"rendered":"<p><a href=\"https:\/\/radiowebmx.com\/nota\/wp-content\/uploads\/2014\/08\/DSC_8074.jpg\"><img loading=\"lazy\" decoding=\"async\" class=\"alignleft size-full wp-image-9444\" alt=\"DSC_8074\" src=\"https:\/\/radiowebmx.com\/nota\/wp-content\/uploads\/2014\/08\/DSC_8074.jpg\" width=\"591\" height=\"267\" srcset=\"https:\/\/radiowebmx.com\/nota\/wp-content\/uploads\/2014\/08\/DSC_8074.jpg 591w, https:\/\/radiowebmx.com\/nota\/wp-content\/uploads\/2014\/08\/DSC_8074-300x135.jpg 300w\" sizes=\"auto, (max-width: 591px) 100vw, 591px\" \/><\/a>Habr\u00e1 cero tolerancia en el uso de los recursos p\u00fablicos, \u201cque quede muy claro, \u00a0no podemos tolerar de ninguna manera que un solo centavo sea desviado de los fines para los cuales fueron destinados\u201d, asever\u00f3 el gobernador, Salvador Jara Guerrero, al inaugurar la Tercera Reuni\u00f3n Plenaria de la Comisi\u00f3n Permanente de Contralores del Estado de Michoac\u00e1n de Ocampo.<\/p>\n<p>\u201cTenemos que gastar el dinero transparentemente, desde los recursos etiquetados que nos llegan del gobierno federal hasta el presupuesto que aprueba el Congreso del Estado\u201d -coment\u00f3 el mandatario- al tiempo que exhort\u00f3 a los alcaldes y a los titulares de los \u00f3rganos internos de control de los 113 municipios a respaldar sus acciones en la legalidad; record\u00f3 a los ediles que los contralores los protegen para que realicen sus funciones con mayor eficacia y transparencia.<\/p>\n<p>Durante la ceremonia inaugural de la asamblea de contralores, Jara Guerrero mencion\u00f3: \u201cno podemos permitir que ni un quinto que viene del pueblo sea mal utilizado, les pido que sigamos fortaleciendo ese gran equipo que se llama Michoac\u00e1n\u201d.<\/p>\n<p>En este tenor, dijo que debido a la importancia de las contralor\u00edas habr\u00e1 que modificarlas para que sean preventivas, \u201cpor ello hay que ciudadanizarlas para permitir que los representantes de la sociedad civil den constancia de que los recursos p\u00fablicos est\u00e1n siendo bien usados\u201d, consider\u00f3.<\/p>\n","protected":false},"excerpt":{"rendered":"<p>Habr\u00e1 cero tolerancia en el uso de los recursos p\u00fablicos, \u201cque quede muy claro,  no podemos tolerar de ninguna manera que un solo centavo sea desviado de los fines para los cuales fueron destinados\u201d, asever\u00f3 el gobernador, Salvador Jara Guerrero, al inaugurar la Tercera Reuni\u00f3n Plenaria de la Comisi\u00f3n Permanente de Contralores del Estado de Michoac\u00e1n de Ocampo.<\/p>\n","protected":false},"author":1,"featured_media":9444,"comment_status":"open","ping_status":"open","sticky":false,"template":"","format":"standard","meta":{"footnotes":""},"categories":[14,3],"tags":[],"class_list":["post-9443","post","type-post","status-publish","format-standard","has-post-thumbnail","hentry","category-destacadas","category-gobierno-del-estado-de-michoacan"],"_links":{"self":[{"href":"https:\/\/radiowebmx.com\/nota\/wp-json\/wp\/v2\/posts\/9443","targetHints":{"allow":["GET"]}}],"collection":[{"href":"https:\/\/radiowebmx.com\/nota\/wp-json\/wp\/v2\/posts"}],"about":[{"href":"https:\/\/radiowebmx.com\/nota\/wp-json\/wp\/v2\/types\/post"}],"author":[{"embeddable":true,"href":"https:\/\/radiowebmx.com\/nota\/wp-json\/wp\/v2\/users\/1"}],"replies":[{"embeddable":true,"href":"https:\/\/radiowebmx.com\/nota\/wp-json\/wp\/v2\/comments?post=9443"}],"version-history":[{"count":1,"href":"https:\/\/radiowebmx.com\/nota\/wp-json\/wp\/v2\/posts\/9443\/revisions"}],"predecessor-version":[{"id":9445,"href":"https:\/\/radiowebmx.com\/nota\/wp-json\/wp\/v2\/posts\/9443\/revisions\/9445"}],"wp:featuredmedia":[{"embeddable":true,"href":"https:\/\/radiowebmx.com\/nota\/wp-json\/wp\/v2\/media\/9444"}],"wp:attachment":[{"href":"https:\/\/radiowebmx.com\/nota\/wp-json\/wp\/v2\/media?parent=9443"}],"wp:term":[{"taxonomy":"category","embeddable":true,"href":"https:\/\/radiowebmx.com\/nota\/wp-json\/wp\/v2\/categories?post=9443"},{"taxonomy":"post_tag","embeddable":true,"href":"https:\/\/radiowebmx.com\/nota\/wp-json\/wp\/v2\/tags?post=9443"}],"curies":[{"name":"wp","href":"https:\/\/api.w.org\/{rel}","templated":true}]}}