{"id":9440,"date":"2014-08-20T19:30:09","date_gmt":"2014-08-21T00:30:09","guid":{"rendered":"https:\/\/radiowebmx.com\/nota\/?p=9440"},"modified":"2014-08-20T19:30:09","modified_gmt":"2014-08-21T00:30:09","slug":"todo-listo-para-la-feria-del-maguey-en-las-joyas-maravatio","status":"publish","type":"post","link":"https:\/\/radiowebmx.com\/nota\/todo-listo-para-la-feria-del-maguey-en-las-joyas-maravatio\/","title":{"rendered":"TODO LISTO PARA LA FERIA DEL MAGUEY EN LAS JOYAS, MARAVAT\u00cdO"},"content":{"rendered":"<p><a href=\"https:\/\/radiowebmx.com\/nota\/wp-content\/uploads\/2014\/08\/DSC_3137.jpg\"><img loading=\"lazy\" decoding=\"async\" class=\"alignleft size-full wp-image-9441\" alt=\"DSC_3137\" src=\"https:\/\/radiowebmx.com\/nota\/wp-content\/uploads\/2014\/08\/DSC_3137.jpg\" width=\"591\" height=\"265\" srcset=\"https:\/\/radiowebmx.com\/nota\/wp-content\/uploads\/2014\/08\/DSC_3137.jpg 591w, https:\/\/radiowebmx.com\/nota\/wp-content\/uploads\/2014\/08\/DSC_3137-300x134.jpg 300w\" sizes=\"auto, (max-width: 591px) 100vw, 591px\" \/><\/a>Con un llamado a que se rescaten las tradiciones culturales de nuestro estado, autoridades de la Comisi\u00f3n de Ferias, Exposiciones y Eventos del Estado y del municipio de Maravat\u00edo, presentaron la quinta edici\u00f3n de la Feria del Maguey de la Tenencia de Las Joyas, que se realiza en Maravat\u00edo.<\/p>\n<p>&nbsp;<\/p>\n<p>El Director General de COFEEEM, Zeus Rodr\u00edguez Miranda, resalt\u00f3 el trabajo que realizan los municipios del estado por enaltecer la belleza cultural de Michoac\u00e1n y el del evento, que busca rescatar la tradici\u00f3n que deriva de los conocimientos ancestrales respecto a la preparaci\u00f3n de la planta del maguey para la obtenci\u00f3n de diversos productos, los cuales ser\u00e1n expuestos\u00a0 del 29 al 31 de agosto pr\u00f3ximos.<\/p>\n<p>&nbsp;<\/p>\n<p>En su momento el presidente municipal de Maravat\u00edo, Guillermo Corona L\u00f3pez, \u00a0inform\u00f3 que la expectativa es obtener, en beneficio de las familias productoras y en general de la regi\u00f3n, una derrama econ\u00f3mica de 100 mil pesos y confi\u00f3 en que el n\u00famero de visitantes ascienda a 30 mil, estimando 10 mil personas por d\u00eda. Record\u00f3 uso que la Feria del Maguey nace en el a\u00f1o 2010, en la comunidad de Las Joyas.<\/p>\n<p>&nbsp;<\/p>\n<p>Este a\u00f1o la feria se inaugura el 29 de agosto a las 3:00 p.m. con un Desfile Aleg\u00f3rico, donde tambi\u00e9n se realizar\u00e1 el Certamen a Reina Feria del Maguey 2014, en el trascurso de los d\u00edas 30 y 31 de agosto, se llevar\u00e1n a cabo los encuentros deportivos, conferencias, artistitas en el teatro del pueblo, danzas, talleres, concursos, ballet, jaripeo y el ritual de los voladores de San Pedro Tar\u00edmbaro.<\/p>\n","protected":false},"excerpt":{"rendered":"<p>Con un llamado a que se rescaten las tradiciones culturales de nuestro estado, autoridades de la Comisi\u00f3n de Ferias, Exposiciones y Eventos del Estado y del municipio de Maravat\u00edo, presentaron la quinta edici\u00f3n de la Feria del Maguey de la Tenencia de Las Joyas, que se realiza en Maravat\u00edo.<\/p>\n","protected":false},"author":1,"featured_media":9441,"comment_status":"open","ping_status":"open","sticky":false,"template":"","format":"standard","meta":{"footnotes":""},"categories":[1],"tags":[],"class_list":["post-9440","post","type-post","status-publish","format-standard","has-post-thumbnail","hentry","category-sin-categoria"],"_links":{"self":[{"href":"https:\/\/radiowebmx.com\/nota\/wp-json\/wp\/v2\/posts\/9440","targetHints":{"allow":["GET"]}}],"collection":[{"href":"https:\/\/radiowebmx.com\/nota\/wp-json\/wp\/v2\/posts"}],"about":[{"href":"https:\/\/radiowebmx.com\/nota\/wp-json\/wp\/v2\/types\/post"}],"author":[{"embeddable":true,"href":"https:\/\/radiowebmx.com\/nota\/wp-json\/wp\/v2\/users\/1"}],"replies":[{"embeddable":true,"href":"https:\/\/radiowebmx.com\/nota\/wp-json\/wp\/v2\/comments?post=9440"}],"version-history":[{"count":1,"href":"https:\/\/radiowebmx.com\/nota\/wp-json\/wp\/v2\/posts\/9440\/revisions"}],"predecessor-version":[{"id":9442,"href":"https:\/\/radiowebmx.com\/nota\/wp-json\/wp\/v2\/posts\/9440\/revisions\/9442"}],"wp:featuredmedia":[{"embeddable":true,"href":"https:\/\/radiowebmx.com\/nota\/wp-json\/wp\/v2\/media\/9441"}],"wp:attachment":[{"href":"https:\/\/radiowebmx.com\/nota\/wp-json\/wp\/v2\/media?parent=9440"}],"wp:term":[{"taxonomy":"category","embeddable":true,"href":"https:\/\/radiowebmx.com\/nota\/wp-json\/wp\/v2\/categories?post=9440"},{"taxonomy":"post_tag","embeddable":true,"href":"https:\/\/radiowebmx.com\/nota\/wp-json\/wp\/v2\/tags?post=9440"}],"curies":[{"name":"wp","href":"https:\/\/api.w.org\/{rel}","templated":true}]}}