{"id":9435,"date":"2014-08-20T19:25:15","date_gmt":"2014-08-21T00:25:15","guid":{"rendered":"https:\/\/radiowebmx.com\/nota\/?p=9435"},"modified":"2014-08-20T19:25:15","modified_gmt":"2014-08-21T00:25:15","slug":"sne-alista-feria-de-empleo-en-morelia","status":"publish","type":"post","link":"https:\/\/radiowebmx.com\/nota\/sne-alista-feria-de-empleo-en-morelia\/","title":{"rendered":"SNE ALISTA FERIA DE EMPLEO EN MORELIA"},"content":{"rendered":"<p><a href=\"https:\/\/radiowebmx.com\/nota\/wp-content\/uploads\/2014\/08\/Lona-Morelia-01.jpg\"><img loading=\"lazy\" decoding=\"async\" class=\"alignleft size-full wp-image-9436\" alt=\"Lona Morelia\" src=\"https:\/\/radiowebmx.com\/nota\/wp-content\/uploads\/2014\/08\/Lona-Morelia-01.jpg\" width=\"591\" height=\"373\" srcset=\"https:\/\/radiowebmx.com\/nota\/wp-content\/uploads\/2014\/08\/Lona-Morelia-01.jpg 591w, https:\/\/radiowebmx.com\/nota\/wp-content\/uploads\/2014\/08\/Lona-Morelia-01-300x189.jpg 300w\" sizes=\"auto, (max-width: 591px) 100vw, 591px\" \/><\/a>El Servicio Nacional de Empleo (SNE) en Michoac\u00e1n llevar\u00e1 a cabo este viernes 22 de agosto su vig\u00e9sima Feria de Empleo en lo que va del a\u00f1o, esta vez en la capital del estado, donde se estar\u00e1n ofertando mil 200 vacantes.<\/p>\n<p>&nbsp;<\/p>\n<p>De acuerdo al titular de dicha dependencia en la entidad, Francisco Xavier \u00c1lvarez Arias, la feria tiene el objetivo de permitir a los buscadores de empleo incrementar sus posibilidades de ser contratados, a trav\u00e9s de entrevistas directas con las empresas reclutadoras.<\/p>\n<p>&nbsp;<\/p>\n<p>\u201cEl prop\u00f3sito principal de asistir a una feria es para establecer relaciones que podr\u00edan llevar a conseguir un \u00a0empleo de acuerdo al perfil del interesado\u201d, refiri\u00f3.<\/p>\n<p>&nbsp;<\/p>\n<p>En este sentido subray\u00f3 que\u00a0 ser\u00e1n m\u00e1s de 30 empresas las que participar\u00e1n en el evento que se llevar\u00e1 a cabo en Expo Eventos Alameda, ubicado en Avenida Camelinas No. 95 en la \u00a0Colonia F\u00e9lix Ireta de las 9:00 horas a las 15:00 horas del 22 de agosto.<\/p>\n<p>&nbsp;<\/p>\n<p>Esta es la segunda feria de once que se realizar\u00e1n en lo que resta del a\u00f1o en diferentes municipios del estado, seg\u00fan \u00c1lvarez Arias quien agreg\u00f3 que las empresas ofrecer\u00e1n plazas de trabajo, con sueldos no menores a tres salarios m\u00ednimos para profesionistas o t\u00e9cnicos y \u00a0en el caso de otros niveles ocupacionales,\u00a0 de al menos 1.5 salarios m\u00ednimos.<\/p>\n<p>&nbsp;<\/p>\n<p>Adem\u00e1s a\u00f1adi\u00f3 que las empresas participantes ofrecen vacantes para m\u00e9dicos, ingenieros, polic\u00edas federales, atenci\u00f3n a clientes, gestor de cobranza, auxiliar contable, ejecutivos telef\u00f3nicos y cajeros, por mencionar algunos.<\/p>\n<p>Finalmente destac\u00f3 que las personas que acudan a la feria y que no encuentren una vacante acorde a su perfil, recibir\u00e1n ayuda y alternativas para que obtener empleo en otro lugar.<\/p>\n","protected":false},"excerpt":{"rendered":"<p>El Servicio Nacional de Empleo (SNE) en Michoac\u00e1n llevar\u00e1 a cabo este viernes 22 de agosto su vig\u00e9sima Feria de Empleo en lo que va del a\u00f1o, esta vez en la capital del estado, donde se estar\u00e1n ofertando mil 200 vacantes.<\/p>\n","protected":false},"author":1,"featured_media":9436,"comment_status":"open","ping_status":"open","sticky":false,"template":"","format":"standard","meta":{"footnotes":""},"categories":[14,3],"tags":[],"class_list":["post-9435","post","type-post","status-publish","format-standard","has-post-thumbnail","hentry","category-destacadas","category-gobierno-del-estado-de-michoacan"],"_links":{"self":[{"href":"https:\/\/radiowebmx.com\/nota\/wp-json\/wp\/v2\/posts\/9435","targetHints":{"allow":["GET"]}}],"collection":[{"href":"https:\/\/radiowebmx.com\/nota\/wp-json\/wp\/v2\/posts"}],"about":[{"href":"https:\/\/radiowebmx.com\/nota\/wp-json\/wp\/v2\/types\/post"}],"author":[{"embeddable":true,"href":"https:\/\/radiowebmx.com\/nota\/wp-json\/wp\/v2\/users\/1"}],"replies":[{"embeddable":true,"href":"https:\/\/radiowebmx.com\/nota\/wp-json\/wp\/v2\/comments?post=9435"}],"version-history":[{"count":1,"href":"https:\/\/radiowebmx.com\/nota\/wp-json\/wp\/v2\/posts\/9435\/revisions"}],"predecessor-version":[{"id":9437,"href":"https:\/\/radiowebmx.com\/nota\/wp-json\/wp\/v2\/posts\/9435\/revisions\/9437"}],"wp:featuredmedia":[{"embeddable":true,"href":"https:\/\/radiowebmx.com\/nota\/wp-json\/wp\/v2\/media\/9436"}],"wp:attachment":[{"href":"https:\/\/radiowebmx.com\/nota\/wp-json\/wp\/v2\/media?parent=9435"}],"wp:term":[{"taxonomy":"category","embeddable":true,"href":"https:\/\/radiowebmx.com\/nota\/wp-json\/wp\/v2\/categories?post=9435"},{"taxonomy":"post_tag","embeddable":true,"href":"https:\/\/radiowebmx.com\/nota\/wp-json\/wp\/v2\/tags?post=9435"}],"curies":[{"name":"wp","href":"https:\/\/api.w.org\/{rel}","templated":true}]}}