{"id":9428,"date":"2014-08-20T16:09:11","date_gmt":"2014-08-20T21:09:11","guid":{"rendered":"https:\/\/radiowebmx.com\/nota\/?p=9428"},"modified":"2014-08-20T16:09:11","modified_gmt":"2014-08-20T21:09:11","slug":"imde-apoya-a-atletas-rumbo-al-cacac-master-en-costa-rica","status":"publish","type":"post","link":"https:\/\/radiowebmx.com\/nota\/imde-apoya-a-atletas-rumbo-al-cacac-master-en-costa-rica\/","title":{"rendered":"IMDE APOYA A ATLETAS RUMBO AL CACAC M\u00c1STER EN COSTA RICA"},"content":{"rendered":"<p><a href=\"https:\/\/radiowebmx.com\/nota\/wp-content\/uploads\/2014\/08\/foto-1-1.jpg\"><img loading=\"lazy\" decoding=\"async\" class=\"alignleft size-full wp-image-9429\" alt=\"foto 1 (1)\" src=\"https:\/\/radiowebmx.com\/nota\/wp-content\/uploads\/2014\/08\/foto-1-1.jpg\" width=\"591\" height=\"289\" srcset=\"https:\/\/radiowebmx.com\/nota\/wp-content\/uploads\/2014\/08\/foto-1-1.jpg 591w, https:\/\/radiowebmx.com\/nota\/wp-content\/uploads\/2014\/08\/foto-1-1-300x146.jpg 300w\" sizes=\"auto, (max-width: 591px) 100vw, 591px\" \/><\/a>Gracias al impulso del Instituto Municipal de Cultura F\u00edsica y Deporte (IMDE), los atletas morelianos Graciela Tapia y Baldomero Silva representar\u00e1n a nuestro pa\u00eds dentro del Campeonato Centroamericano y del Caribe de Atletismo M\u00e1ster (CACAC), que tendr\u00e1 verificativo del 21 al 24 de agosto del presente a\u00f1o en San Jos\u00e9, Costa Rica.<\/p>\n<p>Ambos deportistas fueron abanderados por el subdirector del deporte de la Comisi\u00f3n Nacional de Cultura F\u00edsica y Deporte (Conade), Juan Manuel Gardu\u00f1o y el director del Instituto Municipal de Cultura F\u00edsica y Deporte (IMDE), Miguel \u00c1ngel Garc\u00eda Meza.<\/p>\n<p>El apoyo y promoci\u00f3n del deporte de recreaci\u00f3n o competitivo ha sido una de las prioridades para la administraci\u00f3n del presidente municipal Wilfrido L\u00e1zaro Medina, quien a trav\u00e9s del IMDE se ha dado a la tarea de impulsar tambi\u00e9n a los j\u00f3venes de la tercera edad.<\/p>\n<p>En esta ocasi\u00f3n los beneficiados ser\u00e1n los atletas m\u00e1ster Graciela Tapia y Baldomero Silva, de 69 y 55 a\u00f1os de edad, respectivamente, quienes asistir\u00e1n al Campeonato Centroamericano y del Caribe de Atletismo M\u00e1ster (CACAC), programado para el pr\u00f3ximo fin de semana en tierras ticas.<\/p>\n<p>El veterano atleta Baldomero Silva participar\u00e1 en las pruebas de pentatl\u00f3n, 3 mil metros steeplechase y salto triple.<\/p>\n<p>\u201cRepresentar a mi pa\u00eds es una emoci\u00f3n muy grande, por eso vamos con todas las ganas del mundo para poder ganar una de las medallas. A ra\u00edz de lo de Ciudad Ju\u00e1rez (sede del Campeonato Nacional de Atletismo M\u00e1ster), nos dieron m\u00e1s ganas para seguir entrenando fuerte pues sabemos que as\u00ed llegar\u00e1n los buenos resultados. Quiero tambi\u00e9n agradecer al IMDE por su valioso apoyo, sobre todo a su director Miguel \u00c1ngel Garc\u00eda Meza\u201d, destac\u00f3 Baldomero Silva.<\/p>\n<p>Por su parte, Graciela Tapia har\u00e1 lo propio en las pruebas de 400, 800 y mil 500 metros planos, quien dijo sentirse muy motivada por asistir al CACAC por primera vez.<\/p>\n<p>\u201cMe motiva representar a M\u00e9xico internacionalmente, es el anhelo de uno como atleta conseguir logros, nada m\u00e1s le pido a Dios me conceda subir al p\u00f3dium; la competencia va a ser muy fuerte por ser el Campeonato Centroamericano. La verdad es un sue\u00f1o cumplido para m\u00ed, me emociona y me siento m\u00e1s competitiva al saber que represento a un pa\u00eds, gracias al invaluable al inter\u00e9s mostrado por el alcalde Wilfrido L\u00e1zaro Medina\u201d, asegur\u00f3.<\/p>\n<p>El representativo nacional est\u00e1 integrado por un total de 115 atletas de diversos puntos de la Rep\u00fablica Mexicana, de entre los cuales los dos morelianos representar\u00e1n a Michoac\u00e1n.<\/p>\n<p>Para esta competencia de talla internacional, se dar\u00e1n cita pa\u00edses como: Jamaica, Guatemala, Cuba, El Salvador, Panam\u00e1, adem\u00e1s de atletas invitados de Jap\u00f3n, Argentina, Estados Unidos, Canad\u00e1 y Per\u00fa, entre algunos m\u00e1s.<\/p>\n","protected":false},"excerpt":{"rendered":"<p>Gracias al impulso del Instituto Municipal de Cultura F\u00edsica y Deporte (IMDE), los atletas morelianos Graciela Tapia y Baldomero Silva representar\u00e1n a nuestro pa\u00eds dentro del Campeonato Centroamericano y del Caribe de Atletismo M\u00e1ster (CACAC), <\/p>\n","protected":false},"author":1,"featured_media":9429,"comment_status":"open","ping_status":"open","sticky":false,"template":"","format":"standard","meta":{"footnotes":""},"categories":[14,9],"tags":[],"class_list":["post-9428","post","type-post","status-publish","format-standard","has-post-thumbnail","hentry","category-destacadas","category-morelia"],"_links":{"self":[{"href":"https:\/\/radiowebmx.com\/nota\/wp-json\/wp\/v2\/posts\/9428","targetHints":{"allow":["GET"]}}],"collection":[{"href":"https:\/\/radiowebmx.com\/nota\/wp-json\/wp\/v2\/posts"}],"about":[{"href":"https:\/\/radiowebmx.com\/nota\/wp-json\/wp\/v2\/types\/post"}],"author":[{"embeddable":true,"href":"https:\/\/radiowebmx.com\/nota\/wp-json\/wp\/v2\/users\/1"}],"replies":[{"embeddable":true,"href":"https:\/\/radiowebmx.com\/nota\/wp-json\/wp\/v2\/comments?post=9428"}],"version-history":[{"count":1,"href":"https:\/\/radiowebmx.com\/nota\/wp-json\/wp\/v2\/posts\/9428\/revisions"}],"predecessor-version":[{"id":9430,"href":"https:\/\/radiowebmx.com\/nota\/wp-json\/wp\/v2\/posts\/9428\/revisions\/9430"}],"wp:featuredmedia":[{"embeddable":true,"href":"https:\/\/radiowebmx.com\/nota\/wp-json\/wp\/v2\/media\/9429"}],"wp:attachment":[{"href":"https:\/\/radiowebmx.com\/nota\/wp-json\/wp\/v2\/media?parent=9428"}],"wp:term":[{"taxonomy":"category","embeddable":true,"href":"https:\/\/radiowebmx.com\/nota\/wp-json\/wp\/v2\/categories?post=9428"},{"taxonomy":"post_tag","embeddable":true,"href":"https:\/\/radiowebmx.com\/nota\/wp-json\/wp\/v2\/tags?post=9428"}],"curies":[{"name":"wp","href":"https:\/\/api.w.org\/{rel}","templated":true}]}}