{"id":9425,"date":"2014-08-20T16:02:40","date_gmt":"2014-08-20T21:02:40","guid":{"rendered":"https:\/\/radiowebmx.com\/nota\/?p=9425"},"modified":"2014-08-20T16:02:40","modified_gmt":"2014-08-20T21:02:40","slug":"se-conforma-comite-de-contraloria-social-para-eventos-deportivos","status":"publish","type":"post","link":"https:\/\/radiowebmx.com\/nota\/se-conforma-comite-de-contraloria-social-para-eventos-deportivos\/","title":{"rendered":"SE CONFORMA COMIT\u00c9 DE CONTRALOR\u00cdA SOCIAL PARA EVENTOS DEPORTIVOS"},"content":{"rendered":"<p><a href=\"https:\/\/radiowebmx.com\/nota\/wp-content\/uploads\/2014\/08\/foto-1.jpg\"><img loading=\"lazy\" decoding=\"async\" class=\"alignleft size-full wp-image-9426\" alt=\"foto 1\" src=\"https:\/\/radiowebmx.com\/nota\/wp-content\/uploads\/2014\/08\/foto-1.jpg\" width=\"591\" height=\"263\" srcset=\"https:\/\/radiowebmx.com\/nota\/wp-content\/uploads\/2014\/08\/foto-1.jpg 591w, https:\/\/radiowebmx.com\/nota\/wp-content\/uploads\/2014\/08\/foto-1-300x133.jpg 300w\" sizes=\"auto, (max-width: 591px) 100vw, 591px\" \/><\/a>Con la idea de involucrar a la ciudadan\u00eda en el desarrollo integral de Michoac\u00e1n, en un hecho in\u00e9dito para Morelia, se conform\u00f3 el Comit\u00e9 de Contralor\u00eda Social que tendr\u00e1 la facultad de vigilar el cumplimiento de los trabajos, as\u00ed como la correcta aplicaci\u00f3n y transparencia de los recursos econ\u00f3micos, en los 12 eventos deportivos que forman parte de las 250<b>\u00a0<\/b>acciones del Plan Michoac\u00e1n, promovido por el presidente de la Rep\u00fablica, Enrique Pe\u00f1a Nieto, en febrero pasado.<\/p>\n<p>En una clara muestra de transparencia del gobierno municipal encabezado por Wilfrido L\u00e1zaro Medina, para que la sociedad vigile la manera en la cual se aplican los recursos destinados para eventos y obras deportivas, la ma\u00f1ana de este martes se realiz\u00f3 una reuni\u00f3n, encabezada por autoridades de la Comisi\u00f3n Nacional de Cultura F\u00edsica y Deporte (Conade), para determinar los diferentes comit\u00e9s que estar\u00e1n pendientes de las justas deportivas que se celebrar\u00e1n durante el resto del a\u00f1o en Morelia.<\/p>\n<p>\u201cLa Contralor\u00eda Social est\u00e1 encaminada a la vigilancia de la aplicaci\u00f3n de los recursos, de la transparencia y comprobar que se realice la obra. Est\u00e1 conformada por ciudadanos de Michoac\u00e1n, con la idea de integrarlos, y se apliquen las acciones pautadas por el gobierno federal\u201d, asegur\u00f3 Rogelio Valdez Valdez, director general de la Comisi\u00f3n de Seguridad.<\/p>\n<p>Para la realizaci\u00f3n del acta de constituci\u00f3n del Comit\u00e9 de Contralor\u00eda Social se reunieron esta ma\u00f1ana en las instalaciones de la Unidad Deportiva Morelos-INDECO, adem\u00e1s de Rogelio Valdez, quien asisti\u00f3 en representaci\u00f3n de Alfredo Castillo Cervantes, Comisionado para la Seguridad y Desarrollo Integral de Michoac\u00e1n; Juan Manuel Gardu\u00f1o, subdirector general del Deporte de la Conade; Jorge Sandoval, encargado del programa \u201cPonte al 100\u201d en el Sindicato Nacional de Trabajadores de la Educaci\u00f3n (SNTE); Jos\u00e9 Reyes Rocha, director del Instituto Michoacano de Ciencias de la Educaci\u00f3n (IMCED) y Enrique Santana, por parte del IMDE, adem\u00e1s de algunos representantes de asociaciones deportivas de la entidad y otras personalidades.<\/p>\n<p>La Contralor\u00eda Social tiene como \u00fanico prop\u00f3sito la vigilancia de las obras involucradas en las 12 acciones deportivas, anunciadas el pasado 4 de febrero en el marco del Plan Michoac\u00e1n, con la encomienda de verificar la adecuada aplicaci\u00f3n de los recursos y comprobar el funcionamiento total de las instalaciones que se est\u00e1n construyendo y que albergar\u00e1n competencias del m\u00e1s alto nivel.<\/p>\n<p>\u201cParticipan \u00fanicamente en la vigilancia, esto no tiene nada que ver con la organizaci\u00f3n o auditorias, su principal funci\u00f3n es verificar que se realice la acci\u00f3n o la obra; por decir, ahora que venimos de la alberca ol\u00edmpica y una de las funciones del comit\u00e9 es ver que se concluya, que este bien construida, que la obra est\u00e9 funcionando, y que solo se use para el fin previsto. Para eso a los integrantes de contralor\u00eda se les da un n\u00famero de tel\u00e9fono o correo para manifestar alguna queja y los encargados de la funci\u00f3n p\u00fablica vienen a verificar\u201d, detall\u00f3 el funcionario federal.<\/p>\n<p>El Plan Michoac\u00e1n tiene como objetivo restablecer las bases del desarrollo integral en el estado, a trav\u00e9s del trabajo coordinado y articulado entre las dependencias federales, por medio de 250 obras y acciones en materia de salud, seguridad, econom\u00eda, infraestructura y actividades deportivas y culturales, entre otras \u00e1reas.<\/p>\n<p>En el \u00e1mbito del deporte est\u00e1n contemplados 12 eventos, los cuales fueron el Campeonato Nacional de Campo Traviesa, el Festival de Nacional de Marcha, el XX Campeonato Centroamericano y del Caribe de Atletismo Sub-18 y Sub-20 adem\u00e1s de la Capacitaci\u00f3n de Atletismo para entrenadores deportivos del sector educativo y social, eventos que ya se realizaron en meses anteriores.<\/p>\n<p>Otros m\u00e1s se encuentran en proceso como el Ponte al 100 o el programa Caminando, Trotando y Corriendo por Michoac\u00e1n. Adem\u00e1s de los que a\u00fan est\u00e1n por realizarse como la Vuelta Ciclista Internacional Michoac\u00e1n, el Campeonato Nacional Multideportivo; el 7\u00b0 Campeonato Mundial de Nataci\u00f3n para personas con S\u00edndrome de Down as\u00ed como el XXIII Congreso Mundial de Educaci\u00f3n F\u00edsica, adem\u00e1s de Moviendo a Michoac\u00e1n y el II Congreso Internacional de Ciencias Aplicadas al Deporte \u201cDeportium\u201d.<\/p>\n<p>Luego de conformarse este Comit\u00e9 de Contralor\u00eda Social, se realiz\u00f3 una reuni\u00f3n interinstitucional con la finalidad de afianzar la colaboraci\u00f3n entre la Conade, la Cecufid y el Ayuntamiento de Morelia, de cara a los pr\u00f3ximos eventos deportivos. En ella, estuvieron: Rogelio Valdez, director general de la Comisi\u00f3n de Seguridad; Juan Manuel Gardu\u00f1o, subdirector general del Deporte de la Conade; la titular del deporte en el estado, Ruth Huipe Estrada; y Miguel \u00c1ngel Garc\u00eda Meza, director general del IMDE, entre otras autoridades.<\/p>\n","protected":false},"excerpt":{"rendered":"<p>Con la idea de involucrar a la ciudadan\u00eda en el desarrollo integral de Michoac\u00e1n, en un hecho in\u00e9dito para Morelia, se conform\u00f3 el Comit\u00e9 de Contralor\u00eda Social que tendr\u00e1 la facultad de vigilar el cumplimiento de los trabajos, as\u00ed como la correcta aplicaci\u00f3n y transparencia de los recursos econ\u00f3micos, <\/p>\n","protected":false},"author":1,"featured_media":9426,"comment_status":"open","ping_status":"open","sticky":false,"template":"","format":"standard","meta":{"footnotes":""},"categories":[14,9],"tags":[],"class_list":["post-9425","post","type-post","status-publish","format-standard","has-post-thumbnail","hentry","category-destacadas","category-morelia"],"_links":{"self":[{"href":"https:\/\/radiowebmx.com\/nota\/wp-json\/wp\/v2\/posts\/9425","targetHints":{"allow":["GET"]}}],"collection":[{"href":"https:\/\/radiowebmx.com\/nota\/wp-json\/wp\/v2\/posts"}],"about":[{"href":"https:\/\/radiowebmx.com\/nota\/wp-json\/wp\/v2\/types\/post"}],"author":[{"embeddable":true,"href":"https:\/\/radiowebmx.com\/nota\/wp-json\/wp\/v2\/users\/1"}],"replies":[{"embeddable":true,"href":"https:\/\/radiowebmx.com\/nota\/wp-json\/wp\/v2\/comments?post=9425"}],"version-history":[{"count":1,"href":"https:\/\/radiowebmx.com\/nota\/wp-json\/wp\/v2\/posts\/9425\/revisions"}],"predecessor-version":[{"id":9427,"href":"https:\/\/radiowebmx.com\/nota\/wp-json\/wp\/v2\/posts\/9425\/revisions\/9427"}],"wp:featuredmedia":[{"embeddable":true,"href":"https:\/\/radiowebmx.com\/nota\/wp-json\/wp\/v2\/media\/9426"}],"wp:attachment":[{"href":"https:\/\/radiowebmx.com\/nota\/wp-json\/wp\/v2\/media?parent=9425"}],"wp:term":[{"taxonomy":"category","embeddable":true,"href":"https:\/\/radiowebmx.com\/nota\/wp-json\/wp\/v2\/categories?post=9425"},{"taxonomy":"post_tag","embeddable":true,"href":"https:\/\/radiowebmx.com\/nota\/wp-json\/wp\/v2\/tags?post=9425"}],"curies":[{"name":"wp","href":"https:\/\/api.w.org\/{rel}","templated":true}]}}