{"id":9422,"date":"2014-08-20T15:57:58","date_gmt":"2014-08-20T20:57:58","guid":{"rendered":"https:\/\/radiowebmx.com\/nota\/?p=9422"},"modified":"2014-08-20T15:57:58","modified_gmt":"2014-08-20T20:57:58","slug":"a-dos-anos-de-gobierno-el-poliforum-digital-se-consolida-como-espacio-de-acceso-a-la-tecnologia","status":"publish","type":"post","link":"https:\/\/radiowebmx.com\/nota\/a-dos-anos-de-gobierno-el-poliforum-digital-se-consolida-como-espacio-de-acceso-a-la-tecnologia\/","title":{"rendered":"A DOS A\u00d1OS DE GOBIERNO  EL POLIFORUM DIGITAL SE CONSOLIDA COMO ESPACIO DE ACCESO A LA TECNOLOG\u00cdA"},"content":{"rendered":"<p><a href=\"https:\/\/radiowebmx.com\/nota\/wp-content\/uploads\/2014\/08\/Polif\u00f3rum.jpg\"><img loading=\"lazy\" decoding=\"async\" class=\"alignleft size-full wp-image-9423\" alt=\"Polif\u00f3rum\" src=\"https:\/\/radiowebmx.com\/nota\/wp-content\/uploads\/2014\/08\/Polif\u00f3rum.jpg\" width=\"591\" height=\"355\" srcset=\"https:\/\/radiowebmx.com\/nota\/wp-content\/uploads\/2014\/08\/Polif\u00f3rum.jpg 591w, https:\/\/radiowebmx.com\/nota\/wp-content\/uploads\/2014\/08\/Polif\u00f3rum-300x180.jpg 300w\" sizes=\"auto, (max-width: 591px) 100vw, 591px\" \/><\/a>A dos a\u00f1os de que arrancar\u00e1 la administraci\u00f3n del presidente Wilfrido L\u00e1zaro Medina, el Centro Municipal Polif\u00f3rum Digital de Morelia\u00a0se ha consolidado como el espacio de acceso a la tecnolog\u00eda, \u00fanico en su tipo a nivel nacional,\u00a0ofreciendo una amplia gama de opciones en los \u00e1mbitos acad\u00e9mico, cultural y de desarrollo empresarial; cumpliendo as\u00ed con el prop\u00f3sito de acercar las nuevas tecnolog\u00edas de la informaci\u00f3n y \u00a0la comunicaci\u00f3n a los morelianos.<\/p>\n<p>&nbsp;<\/p>\n<p>Este innovador proyecto est\u00e1 enfocado a atender a j\u00f3venes, emprendedores de empresas, estudiantes y familias que viven en el norte del municipio, zona considerada como de bajos ingresos econ\u00f3micos y por lo cual, el acceso a la tecnolog\u00eda a\u00fan es limitado.<\/p>\n<p>&nbsp;<\/p>\n<p>En este periodo y con la finalidad de elevar la calidad en el servicio que presta a la sociedad moreliana, el Polif\u00f3rum Digital obtuvo la certificaci\u00f3n en el sistema ISO 9001:2008, e incluso se encuentra en v\u00edas de obtener la recertificaci\u00f3n. Adem\u00e1s, el Poliforum es ya una marca registrada ante el Instituto Mexicano de la Propiedad Industrial (IMPI), cuenta con su propio portal electr\u00f3nico oficial y redes sociales que permiten un contacto directo e inmediato con el p\u00fablico.<\/p>\n<p>&nbsp;<\/p>\n<p>El Poliforum ha sido anfitri\u00f3n de 776 eventos en este a\u00f1o y ha atendido a m\u00e1s de 82 mil visitantes, siendo la mayor parte de ellos vecinos de las colonias aleda\u00f1as a este centro, donde se ubican diversos pol\u00edgonos de marginaci\u00f3n e incidencia delictiva, convirti\u00e9ndose en una opci\u00f3n para que ni\u00f1os y j\u00f3venes realicen alguna actividad que los aleje de pr\u00e1cticas nocivas.<\/p>\n<p>&nbsp;<\/p>\n<p>Adem\u00e1s, ha logrado dar una gran difusi\u00f3n a los cursos y talleres que se ofrecen de manera gratuita, principalmente a ni\u00f1os y j\u00f3venes, pero tambi\u00e9n a algunos adultos que buscan ingresar al mundo de la tecnolog\u00eda, para lo cual se ofrecen talleres de ingl\u00e9s, computaci\u00f3n, competencias digitales\u00a0\u00a0b\u00e1sicas, club de tareas, rob\u00f3tica I y II, creaci\u00f3n de robots seguidores de l\u00ednea, creaci\u00f3n de prototipos electr\u00f3nicos, ajedrez, dise\u00f1o, mantenimiento preventivo y correctivo de equipos de c\u00f3mputo, dise\u00f1o de mi p\u00e1gina web, danza y f\u00fatbol, en horarios semanales y sabatinos.<\/p>\n<p>&nbsp;<\/p>\n<p>Asimismo, ofrece el servicio de Incubadoras de Empresas, en donde se apoya a los emprendedores para aterrizar sus proyectos de negocio, facilitando la tramitolog\u00eda ante las instancias correspondientes para el funcionamiento de los establecimientos con actores productivos como son; Cl\u00faster TIM, INADEM, SEDECO y la Secretar\u00eda de Econom\u00eda, acerc\u00e1ndolos directamente a las fuentes de financiamiento que puedan impulsar sus negocios.<\/p>\n<p>&nbsp;<\/p>\n<p>Con seis experiencias incorporadas al programa de Ciudades Educadoras, como lo son: Ajedrez Educador, Dise\u00f1ando Juntos, Construyamos Robots, Museo Itinerante Polif\u00f3rum, Morelia Emprende y Alfabetizaci\u00f3n Digital,\u00a0este centro ha dado un paso s\u00f3lido hacia la consolidaci\u00f3n de un Morelia\u00a0con Mejores Servicios y que es la base para detonar el proyecto de un municipio con mayor desarrollo tecnol\u00f3gico.<\/p>\n","protected":false},"excerpt":{"rendered":"<p>A dos a\u00f1os de que arrancar\u00e1 la administraci\u00f3n del presidente Wilfrido L\u00e1zaro Medina, el Centro Municipal Polif\u00f3rum Digital de Morelia se ha consolidado como el espacio de acceso a la tecnolog\u00eda, \u00fanico en su tipo a nivel nacional, ofreciendo una amplia gama de opciones en los \u00e1mbitos acad\u00e9mico, <\/p>\n","protected":false},"author":1,"featured_media":9423,"comment_status":"open","ping_status":"open","sticky":false,"template":"","format":"standard","meta":{"footnotes":""},"categories":[14,9],"tags":[],"class_list":["post-9422","post","type-post","status-publish","format-standard","has-post-thumbnail","hentry","category-destacadas","category-morelia"],"_links":{"self":[{"href":"https:\/\/radiowebmx.com\/nota\/wp-json\/wp\/v2\/posts\/9422","targetHints":{"allow":["GET"]}}],"collection":[{"href":"https:\/\/radiowebmx.com\/nota\/wp-json\/wp\/v2\/posts"}],"about":[{"href":"https:\/\/radiowebmx.com\/nota\/wp-json\/wp\/v2\/types\/post"}],"author":[{"embeddable":true,"href":"https:\/\/radiowebmx.com\/nota\/wp-json\/wp\/v2\/users\/1"}],"replies":[{"embeddable":true,"href":"https:\/\/radiowebmx.com\/nota\/wp-json\/wp\/v2\/comments?post=9422"}],"version-history":[{"count":1,"href":"https:\/\/radiowebmx.com\/nota\/wp-json\/wp\/v2\/posts\/9422\/revisions"}],"predecessor-version":[{"id":9424,"href":"https:\/\/radiowebmx.com\/nota\/wp-json\/wp\/v2\/posts\/9422\/revisions\/9424"}],"wp:featuredmedia":[{"embeddable":true,"href":"https:\/\/radiowebmx.com\/nota\/wp-json\/wp\/v2\/media\/9423"}],"wp:attachment":[{"href":"https:\/\/radiowebmx.com\/nota\/wp-json\/wp\/v2\/media?parent=9422"}],"wp:term":[{"taxonomy":"category","embeddable":true,"href":"https:\/\/radiowebmx.com\/nota\/wp-json\/wp\/v2\/categories?post=9422"},{"taxonomy":"post_tag","embeddable":true,"href":"https:\/\/radiowebmx.com\/nota\/wp-json\/wp\/v2\/tags?post=9422"}],"curies":[{"name":"wp","href":"https:\/\/api.w.org\/{rel}","templated":true}]}}