{"id":939,"date":"2013-01-22T12:52:31","date_gmt":"2013-01-22T18:52:31","guid":{"rendered":"https:\/\/radiowebmx.com\/nota\/?p=939"},"modified":"2013-01-22T12:52:31","modified_gmt":"2013-01-22T18:52:31","slug":"firma-de-convenio-entre-secretaria-de-fomento-economico-y-cecati-n-78","status":"publish","type":"post","link":"https:\/\/radiowebmx.com\/nota\/firma-de-convenio-entre-secretaria-de-fomento-economico-y-cecati-n-78\/","title":{"rendered":"Firma de convenio entre Secretaria de Fomento Econ\u00f3mico y CECATI N\u00b0 78"},"content":{"rendered":"<p>Trabajando en la Suma de Voluntades para lograr un Morelia Productivo, el Ayuntamiento de Morelia a trav\u00e9s de la Secretaria de Fomento Econ\u00f3mico encabezada por Luis Navarro Garc\u00eda firm\u00f3 un acuerdo con el Centro de Capacitaci\u00f3n para el Trabajo Industrial, CECATI N\u00b0 78, con el que conjuntar\u00e1n esfuerzos para apoyar a m\u00e1s morelianos en su preparaci\u00f3n profesional.<\/p>\n<p>Navarro Garc\u00eda se reuni\u00f3 con el director del CECATI 78, Luis Guillermo Aburto Pineda y el Subdirector de Enlace Operativo de la Direcci\u00f3n General de Centros de Formaci\u00f3n para el Trabajo, Ignacio V\u00e1zquez Casta\u00f1eda, para firmar el compromiso del convenio de colaboraci\u00f3n entre ambas partes y establecer mecanismos de apoyo en el \u00e1rea de capacitaci\u00f3n para el trabajo, as\u00ed como la donaci\u00f3n de 50 mil pesos para la compra de mobiliario escolar.<\/p>\n<p>El Secretario de Fomento Econ\u00f3mico resalt\u00f3 que este convenio representa un acuerdo de conjugaci\u00f3n de esfuerzos con el objetivo de fomentar el empleo y autoempleo y puso en la mesa ante los estudiantes presentes en la firma el compromiso y disposici\u00f3n de la administraci\u00f3n local a trav\u00e9s de la dependencia que dirige para continuar trabajando en pro de un Morelia Productivo.<\/p>\n<p>Por su parte el Director del plantel Luis Guillermo Aburto Pineda<span style=\"font-family: Calibri; font-size: medium;\">\u00a0<\/span>destac\u00f3 la importancia de dicha colaboraci\u00f3n institucional\u00a0\u00a0y premi\u00f3 el inter\u00e9s del Ayuntamiento moreliano en generar puentes solidarios de apoyo en beneficio del sector tan importante que es el de capacitaci\u00f3n para el trabajo industrial, fortaleciendo programas como oportunidad laboral para adultos.<\/p>\n<p>Finalmente ambas partes se comprometieron a seguir trabajando en conjunto y sumando voluntades para fortalecer los diversos cursos que se ofrecen en el lugar entre los que destacan confecci\u00f3n, ingl\u00e9s, inform\u00e1tica, contabilidad y electr\u00f3nica.<\/p>\n","protected":false},"excerpt":{"rendered":"<p>Trabajando en la Suma de Voluntades para lograr un Morelia Productivo, el Ayuntamiento de Morelia a trav\u00e9s de la Secretaria de Fomento Econ\u00f3mico encabezada por Luis Navarro Garc\u00eda firm\u00f3 un acuerdo con el Centro de Capacitaci\u00f3n para el Trabajo Industrial, CECATI N\u00b0 78, con el que conjuntar\u00e1n esfuerzos para apoyar a m\u00e1s morelianos en su [&hellip;]<\/p>\n","protected":false},"author":1,"featured_media":0,"comment_status":"open","ping_status":"open","sticky":false,"template":"","format":"standard","meta":{"footnotes":""},"categories":[9],"tags":[],"class_list":["post-939","post","type-post","status-publish","format-standard","hentry","category-morelia"],"_links":{"self":[{"href":"https:\/\/radiowebmx.com\/nota\/wp-json\/wp\/v2\/posts\/939","targetHints":{"allow":["GET"]}}],"collection":[{"href":"https:\/\/radiowebmx.com\/nota\/wp-json\/wp\/v2\/posts"}],"about":[{"href":"https:\/\/radiowebmx.com\/nota\/wp-json\/wp\/v2\/types\/post"}],"author":[{"embeddable":true,"href":"https:\/\/radiowebmx.com\/nota\/wp-json\/wp\/v2\/users\/1"}],"replies":[{"embeddable":true,"href":"https:\/\/radiowebmx.com\/nota\/wp-json\/wp\/v2\/comments?post=939"}],"version-history":[{"count":2,"href":"https:\/\/radiowebmx.com\/nota\/wp-json\/wp\/v2\/posts\/939\/revisions"}],"predecessor-version":[{"id":941,"href":"https:\/\/radiowebmx.com\/nota\/wp-json\/wp\/v2\/posts\/939\/revisions\/941"}],"wp:attachment":[{"href":"https:\/\/radiowebmx.com\/nota\/wp-json\/wp\/v2\/media?parent=939"}],"wp:term":[{"taxonomy":"category","embeddable":true,"href":"https:\/\/radiowebmx.com\/nota\/wp-json\/wp\/v2\/categories?post=939"},{"taxonomy":"post_tag","embeddable":true,"href":"https:\/\/radiowebmx.com\/nota\/wp-json\/wp\/v2\/tags?post=939"}],"curies":[{"name":"wp","href":"https:\/\/api.w.org\/{rel}","templated":true}]}}