{"id":9386,"date":"2014-08-19T11:47:24","date_gmt":"2014-08-19T16:47:24","guid":{"rendered":"https:\/\/radiowebmx.com\/nota\/?p=9386"},"modified":"2014-08-19T11:47:57","modified_gmt":"2014-08-19T16:47:57","slug":"500-elementos-iniciaron-las-labores-del-nuevo-cuerpo-policiaco-en-morelia","status":"publish","type":"post","link":"https:\/\/radiowebmx.com\/nota\/500-elementos-iniciaron-las-labores-del-nuevo-cuerpo-policiaco-en-morelia\/","title":{"rendered":"500 elementos iniciaron las labores del nuevo cuerpo policiaco en Morelia"},"content":{"rendered":"<p><a href=\"https:\/\/radiowebmx.com\/nota\/wp-content\/uploads\/2014\/08\/DSC_1818.jpg\"><img loading=\"lazy\" decoding=\"async\" class=\"alignleft size-full wp-image-9387\" alt=\"DSC_1818\" src=\"https:\/\/radiowebmx.com\/nota\/wp-content\/uploads\/2014\/08\/DSC_1818.jpg\" width=\"591\" height=\"312\" srcset=\"https:\/\/radiowebmx.com\/nota\/wp-content\/uploads\/2014\/08\/DSC_1818.jpg 591w, https:\/\/radiowebmx.com\/nota\/wp-content\/uploads\/2014\/08\/DSC_1818-300x158.jpg 300w\" sizes=\"auto, (max-width: 591px) 100vw, 591px\" \/><\/a>En la sociedad se requiere de mecanismos en los que todos los ciudadanos podamos confiar y uno de ellos es la Fuerza Ciudadana, corporaci\u00f3n policiaca reci\u00e9n creada y que a trav\u00e9s de sus ex\u00e1menes de confianza para el ingreso de sus integrantes nos permite tener unidad, afirm\u00f3 el gobernador Salvador Jara Guerrero al participar en el arranque formal de labores de la nueva instituci\u00f3n de seguridad en el municipio de Morelia, que es el primero a nivel estatal en adoptar el Sistema del Mando Unificado.<\/p>\n<p>\u201cEs esta una gran oportunidad de demostrar un avance porque Michoac\u00e1n est\u00e1 en los ojos de M\u00e9xico y de gran parte del mundo; lo que ocurra aqu\u00ed puede ser ejemplar para el pa\u00eds y para todo el orbe\u201d, puntualiz\u00f3 el mandatario.<\/p>\n<p>Tras la entrega simb\u00f3lica de los veh\u00edculos oficiales a los directivos de las instituciones de seguridad, el titular del Poder Ejecutivo estatal se\u00f1al\u00f3 que esta acci\u00f3n es la respuesta a un problema que observ\u00f3 con mucha seriedad el presidente Enrique Pe\u00f1a Nieto, y que forma parte de los trabajos coordinados entre los gobiernos federal, estatal y municipales a favor de los michoacanos.<\/p>\n<p>En este sentido, el secretario de Seguridad P\u00fablica, Carlos Hugo Castellanos Becerra, anunci\u00f3 la presencia de 500 elementos del Mando Unificado entre municipales y estatales, quienes se har\u00e1n cargo de la seguridad en Morelia.<\/p>\n<p>Detall\u00f3 que la Fuerza Ciudadana es un modelo policial de seguridad p\u00fablica que compromete a todos los involucrados a hacer la parte que a cada quien le corresponde, que tiene como pilar la formaci\u00f3n de los integrantes, adem\u00e1s de que prioriza los valores y virtudes de los elementos.<\/p>\n<p>\u201cLas personas que forman parte de esta nueva dependencia acreditaron los ex\u00e1menes de control y confianza, adem\u00e1s fueron capacitados, por lo cual, cuentan con destrezas y competencias para una eficaz y eficiente labor en el servicio\u201d, asegur\u00f3 Castellanos Becerra.<\/p>\n<p>Por su parte, el comisionado para la Seguridad y el Desarrollo Integral de Michoac\u00e1n, Alfredo Castillo Cervantes, hizo un llamado para focalizar el esp\u00edritu de lucha de los michoacanos a favor de la justicia, pero mediante las dependencias encargadas de ello y as\u00ed construir una nueva polic\u00eda que sea en referente de una nueva sociedad.<\/p>\n<p>Castillo Cervantes aclar\u00f3 que la presentaci\u00f3n de Fuerza Ciudadana es el punto de partida y es el referente de lo que tenemos que construir; asegur\u00f3 que el ciclo no est\u00e1 terminado, sino que apenas inicia la segunda fase, misma que tiene que ver con la solidez de las instituciones y la participaci\u00f3n de la sociedad en la transformaci\u00f3n, que implica la voluntad de hombres y mujeres valientes para concluir el proyecto que lidera el presidente Enrique Pe\u00f1a Nieto.<\/p>\n<p>En su oportunidad, el presidente municipal de Morelia, Wilfrido L\u00e1zaro Medina, celebr\u00f3 la conformaci\u00f3n y puesta en marcha del nuevo cuerpo policiaco, que surge para fortalecer de manera estructural las dem\u00e1s corporaciones y que ampl\u00eda la respuesta a las exigencias de seguridad en Morelia.<\/p>\n","protected":false},"excerpt":{"rendered":"<p>En la sociedad se requiere de mecanismos en los que todos los ciudadanos podamos confiar y uno de ellos es la Fuerza Ciudadana, corporaci\u00f3n policiaca reci\u00e9n creada y que a trav\u00e9s de sus ex\u00e1menes de confianza para el ingreso de sus integrantes nos permite tener unidad,<\/p>\n","protected":false},"author":1,"featured_media":9387,"comment_status":"open","ping_status":"open","sticky":false,"template":"","format":"standard","meta":{"footnotes":""},"categories":[14,3],"tags":[],"class_list":["post-9386","post","type-post","status-publish","format-standard","has-post-thumbnail","hentry","category-destacadas","category-gobierno-del-estado-de-michoacan"],"_links":{"self":[{"href":"https:\/\/radiowebmx.com\/nota\/wp-json\/wp\/v2\/posts\/9386","targetHints":{"allow":["GET"]}}],"collection":[{"href":"https:\/\/radiowebmx.com\/nota\/wp-json\/wp\/v2\/posts"}],"about":[{"href":"https:\/\/radiowebmx.com\/nota\/wp-json\/wp\/v2\/types\/post"}],"author":[{"embeddable":true,"href":"https:\/\/radiowebmx.com\/nota\/wp-json\/wp\/v2\/users\/1"}],"replies":[{"embeddable":true,"href":"https:\/\/radiowebmx.com\/nota\/wp-json\/wp\/v2\/comments?post=9386"}],"version-history":[{"count":3,"href":"https:\/\/radiowebmx.com\/nota\/wp-json\/wp\/v2\/posts\/9386\/revisions"}],"predecessor-version":[{"id":9390,"href":"https:\/\/radiowebmx.com\/nota\/wp-json\/wp\/v2\/posts\/9386\/revisions\/9390"}],"wp:featuredmedia":[{"embeddable":true,"href":"https:\/\/radiowebmx.com\/nota\/wp-json\/wp\/v2\/media\/9387"}],"wp:attachment":[{"href":"https:\/\/radiowebmx.com\/nota\/wp-json\/wp\/v2\/media?parent=9386"}],"wp:term":[{"taxonomy":"category","embeddable":true,"href":"https:\/\/radiowebmx.com\/nota\/wp-json\/wp\/v2\/categories?post=9386"},{"taxonomy":"post_tag","embeddable":true,"href":"https:\/\/radiowebmx.com\/nota\/wp-json\/wp\/v2\/tags?post=9386"}],"curies":[{"name":"wp","href":"https:\/\/api.w.org\/{rel}","templated":true}]}}