{"id":9382,"date":"2014-08-19T11:32:55","date_gmt":"2014-08-19T16:32:55","guid":{"rendered":"https:\/\/radiowebmx.com\/nota\/?p=9382"},"modified":"2014-08-19T11:32:55","modified_gmt":"2014-08-19T16:32:55","slug":"lambertino-campos-amezcua-nuevo-titular-de-cetic","status":"publish","type":"post","link":"https:\/\/radiowebmx.com\/nota\/lambertino-campos-amezcua-nuevo-titular-de-cetic\/","title":{"rendered":"LAMBERTINO CAMPOS AMEZCUA, NUEVO TITULAR DE CETIC"},"content":{"rendered":"<p><a href=\"https:\/\/radiowebmx.com\/nota\/wp-content\/uploads\/2014\/08\/JDOM-CETIC03.jpg\"><img loading=\"lazy\" decoding=\"async\" class=\"alignleft size-full wp-image-9383\" alt=\"JDOM - CETIC03\" src=\"https:\/\/radiowebmx.com\/nota\/wp-content\/uploads\/2014\/08\/JDOM-CETIC03.jpg\" width=\"591\" height=\"292\" srcset=\"https:\/\/radiowebmx.com\/nota\/wp-content\/uploads\/2014\/08\/JDOM-CETIC03.jpg 591w, https:\/\/radiowebmx.com\/nota\/wp-content\/uploads\/2014\/08\/JDOM-CETIC03-300x148.jpg 300w\" sizes=\"auto, (max-width: 591px) 100vw, 591px\" \/><\/a>A nombre del gobernador del estado, Salvador Jara Guerrero, el secretario de Gobierno, Jaime Dar\u00edo Oseguera M\u00e9ndez, entreg\u00f3 este d\u00eda el nombramiento a Lambertino Campos Amezcua como nuevo coordinador general del Centro Estatal de Tecnolog\u00edas de Informaci\u00f3n y Comunicaciones (CETIC), en sustituci\u00f3n de Francisco Octavio Aparicio Contreras.<\/p>\n<p>Para dar cumplimiento a este relevo institucional, los servidores p\u00fablicos se dieron cita en Palacio de Gobierno, donde el responsable de la pol\u00edtica interna del estado agradeci\u00f3 de parte del Ejecutivo, el trabajo de Aparicio Contreras al frente del CETIC a lo largo de estos meses.<\/p>\n<p>En este sentido, Oseguera M\u00e9ndez reconoci\u00f3 que hoy en d\u00eda, la manera en la que un gobierno debe atender a la gente se relaciona no solo con la voluntad y la disposici\u00f3n, sino con el entramado de la tecnolog\u00eda, formas, programas y operaciones que cada vez est\u00e1n m\u00e1s vinculados con el desarrollo tecnol\u00f3gico, motivo por el cual, es de suma importancia para la actual administraci\u00f3n estatal la funci\u00f3n estrat\u00e9gica de esta \u00e1rea gubernamental.<\/p>\n<p>Finalmente, el secretario de Gobierno se dirigi\u00f3 al nuevo funcionario para darle la bienvenida a esta encomienda en un momento de transici\u00f3n en el cual, dijo, se contar\u00e1 con solo 13 meses para cumplir la tarea de hacer que Michoac\u00e1n siga funcionando y que con ello, la siguiente administraci\u00f3n reciba y tenga capacidades institucionales, \u201cy al final lo que se haga, ser\u00e1 una contribuci\u00f3n para que el estado se encuentre cada vez en mejores condiciones\u201d.<\/p>\n<p>Lambertino Campos Amezcua es ingeniero en electr\u00f3nica por el Instituto Tecnol\u00f3gico de Morelia, es Maestro en Ciencias de Ingenier\u00eda Electr\u00f3nica con especialidad en Sistemas Electr\u00f3nicos por el Instituto Tecnol\u00f3gico y de Estudios Superiores de Monterrey; tiene experiencia profesional en el \u00e1rea acad\u00e9mica en la Universidad de La Ci\u00e9nega y la Universidad Virtual del Estado de Michoac\u00e1n (UNIVIM), asimismo en el Instituto Tecnol\u00f3gico de Estudios Superiores de Zamora y en el Instituto de Investigaciones El\u00e9ctricas (IIE).<\/p>\n<p>&nbsp;<\/p>\n","protected":false},"excerpt":{"rendered":"<p>A nombre del gobernador del estado, Salvador Jara Guerrero, el secretario de Gobierno, Jaime Dar\u00edo Oseguera M\u00e9ndez, entreg\u00f3 este d\u00eda el nombramiento a Lambertino Campos Amezcua como nuevo coordinador general del Centro Estatal de Tecnolog\u00edas de Informaci\u00f3n y Comunicaciones (CETIC), <\/p>\n","protected":false},"author":1,"featured_media":9383,"comment_status":"open","ping_status":"open","sticky":false,"template":"","format":"standard","meta":{"footnotes":""},"categories":[14,3],"tags":[],"class_list":["post-9382","post","type-post","status-publish","format-standard","has-post-thumbnail","hentry","category-destacadas","category-gobierno-del-estado-de-michoacan"],"_links":{"self":[{"href":"https:\/\/radiowebmx.com\/nota\/wp-json\/wp\/v2\/posts\/9382","targetHints":{"allow":["GET"]}}],"collection":[{"href":"https:\/\/radiowebmx.com\/nota\/wp-json\/wp\/v2\/posts"}],"about":[{"href":"https:\/\/radiowebmx.com\/nota\/wp-json\/wp\/v2\/types\/post"}],"author":[{"embeddable":true,"href":"https:\/\/radiowebmx.com\/nota\/wp-json\/wp\/v2\/users\/1"}],"replies":[{"embeddable":true,"href":"https:\/\/radiowebmx.com\/nota\/wp-json\/wp\/v2\/comments?post=9382"}],"version-history":[{"count":2,"href":"https:\/\/radiowebmx.com\/nota\/wp-json\/wp\/v2\/posts\/9382\/revisions"}],"predecessor-version":[{"id":9385,"href":"https:\/\/radiowebmx.com\/nota\/wp-json\/wp\/v2\/posts\/9382\/revisions\/9385"}],"wp:featuredmedia":[{"embeddable":true,"href":"https:\/\/radiowebmx.com\/nota\/wp-json\/wp\/v2\/media\/9383"}],"wp:attachment":[{"href":"https:\/\/radiowebmx.com\/nota\/wp-json\/wp\/v2\/media?parent=9382"}],"wp:term":[{"taxonomy":"category","embeddable":true,"href":"https:\/\/radiowebmx.com\/nota\/wp-json\/wp\/v2\/categories?post=9382"},{"taxonomy":"post_tag","embeddable":true,"href":"https:\/\/radiowebmx.com\/nota\/wp-json\/wp\/v2\/tags?post=9382"}],"curies":[{"name":"wp","href":"https:\/\/api.w.org\/{rel}","templated":true}]}}