{"id":9379,"date":"2014-08-19T11:28:08","date_gmt":"2014-08-19T16:28:08","guid":{"rendered":"https:\/\/radiowebmx.com\/nota\/?p=9379"},"modified":"2014-08-19T11:28:08","modified_gmt":"2014-08-19T16:28:08","slug":"con-500-integrantes-arranca-operaciones-la-fuerza-ciudadana-de-morelia","status":"publish","type":"post","link":"https:\/\/radiowebmx.com\/nota\/con-500-integrantes-arranca-operaciones-la-fuerza-ciudadana-de-morelia\/","title":{"rendered":"CON 500 INTEGRANTES, ARRANCA OPERACIONES  LA FUERZA CIUDADANA DE MORELIA"},"content":{"rendered":"<p><a href=\"https:\/\/radiowebmx.com\/nota\/wp-content\/uploads\/2014\/08\/seguridad-12.jpg\"><img loading=\"lazy\" decoding=\"async\" class=\"alignleft size-full wp-image-9380\" alt=\"seguridad (12)\" src=\"https:\/\/radiowebmx.com\/nota\/wp-content\/uploads\/2014\/08\/seguridad-12.jpg\" width=\"591\" height=\"298\" srcset=\"https:\/\/radiowebmx.com\/nota\/wp-content\/uploads\/2014\/08\/seguridad-12.jpg 591w, https:\/\/radiowebmx.com\/nota\/wp-content\/uploads\/2014\/08\/seguridad-12-300x151.jpg 300w\" sizes=\"auto, (max-width: 591px) 100vw, 591px\" \/><\/a>Luego de ser el primer municipio en adoptar el Mando Unificado, este lunes inici\u00f3 en Morelia la operaci\u00f3n de la Fuerza Ciudadana \u201cNuestra Fuerza Eres T\u00fa\u201d, corporaci\u00f3n policiaca integrada por 500 efectivos, entre municipales y estatales, que ahora son responsables de la seguridad p\u00fablica en la capital michoacana.<\/p>\n<p><b>\u00a0<\/b><\/p>\n<p>El alcalde moreliano, Wilfrido L\u00e1zaro Medina, celebr\u00f3 la puesta en marcha del nuevo modelo que prevendr\u00e1 y reaccionar\u00e1 ante cualquier fen\u00f3meno delictivo: \u201cHacemos gobierno con acciones complementarias; cada quien hace lo que le compete y con esta sinergia se logra m\u00e1s. Por ello, suscribimos el convenio a trav\u00e9s del cual el Gobierno del Estado asume la direcci\u00f3n, manejo, operaci\u00f3n, supervisi\u00f3n y control de la funci\u00f3n de la Polic\u00eda Municipal, todo bajo un claro marco legal\u201d, manifest\u00f3.<\/p>\n<p>&nbsp;<\/p>\n<p>El evento de arranque fue encabezado por el gobernador de Michoac\u00e1n, Salvador Jara Guerrero, quien realiz\u00f3 la entrega simb\u00f3lica de las llaves de veh\u00edculos policiales al subsecretario y al director de Seguridad P\u00fablica de nuestra entidad, Adolfo Eloy Peralta Mora y Carlos Alberto S\u00e1nchez Flores, respectivamente, y a Jes\u00fas S\u00e1nchez Noriega, director de Seguridad Ciudadana de Morelia.<\/p>\n<p>&nbsp;<\/p>\n<p>Posteriormente, el Comisionado para la Seguridad y el Desarrollo Integral de Michoac\u00e1n, Alfredo Castillo Cervantes, agradeci\u00f3 la confianza del edil L\u00e1zaro Medina en la aplicaci\u00f3n del Mando Unificado, a siete meses de haber iniciado: \u201cGracias por creer en esta Fuerza Ciudadana, es muy importante para nosotros que Morelia sea la primera instancia, el primer municipio que se sume a este proyecto, que es de todos\u201d.<\/p>\n","protected":false},"excerpt":{"rendered":"<p>Luego de ser el primer municipio en adoptar el Mando Unificado, este lunes inici\u00f3 en Morelia la operaci\u00f3n de la Fuerza Ciudadana \u201cNuestra Fuerza Eres T\u00fa\u201d, corporaci\u00f3n policiaca integrada por 500 efectivos, entre municipales y estatales, que ahora son responsables de la seguridad p\u00fablica en la capital michoacana.<\/p>\n","protected":false},"author":1,"featured_media":9380,"comment_status":"open","ping_status":"open","sticky":false,"template":"","format":"standard","meta":{"footnotes":""},"categories":[14,9],"tags":[],"class_list":["post-9379","post","type-post","status-publish","format-standard","has-post-thumbnail","hentry","category-destacadas","category-morelia"],"_links":{"self":[{"href":"https:\/\/radiowebmx.com\/nota\/wp-json\/wp\/v2\/posts\/9379","targetHints":{"allow":["GET"]}}],"collection":[{"href":"https:\/\/radiowebmx.com\/nota\/wp-json\/wp\/v2\/posts"}],"about":[{"href":"https:\/\/radiowebmx.com\/nota\/wp-json\/wp\/v2\/types\/post"}],"author":[{"embeddable":true,"href":"https:\/\/radiowebmx.com\/nota\/wp-json\/wp\/v2\/users\/1"}],"replies":[{"embeddable":true,"href":"https:\/\/radiowebmx.com\/nota\/wp-json\/wp\/v2\/comments?post=9379"}],"version-history":[{"count":1,"href":"https:\/\/radiowebmx.com\/nota\/wp-json\/wp\/v2\/posts\/9379\/revisions"}],"predecessor-version":[{"id":9381,"href":"https:\/\/radiowebmx.com\/nota\/wp-json\/wp\/v2\/posts\/9379\/revisions\/9381"}],"wp:featuredmedia":[{"embeddable":true,"href":"https:\/\/radiowebmx.com\/nota\/wp-json\/wp\/v2\/media\/9380"}],"wp:attachment":[{"href":"https:\/\/radiowebmx.com\/nota\/wp-json\/wp\/v2\/media?parent=9379"}],"wp:term":[{"taxonomy":"category","embeddable":true,"href":"https:\/\/radiowebmx.com\/nota\/wp-json\/wp\/v2\/categories?post=9379"},{"taxonomy":"post_tag","embeddable":true,"href":"https:\/\/radiowebmx.com\/nota\/wp-json\/wp\/v2\/tags?post=9379"}],"curies":[{"name":"wp","href":"https:\/\/api.w.org\/{rel}","templated":true}]}}