{"id":9376,"date":"2014-08-19T11:25:03","date_gmt":"2014-08-19T16:25:03","guid":{"rendered":"https:\/\/radiowebmx.com\/nota\/?p=9376"},"modified":"2014-08-19T11:25:03","modified_gmt":"2014-08-19T16:25:03","slug":"arranca-ciclo-escolar-2014-2015-en-morelia","status":"publish","type":"post","link":"https:\/\/radiowebmx.com\/nota\/arranca-ciclo-escolar-2014-2015-en-morelia\/","title":{"rendered":"ARRANCA CICLO ESCOLAR 2014-2015 EN MORELIA"},"content":{"rendered":"<p><a href=\"https:\/\/radiowebmx.com\/nota\/wp-content\/uploads\/2014\/08\/image1.jpeg\"><img loading=\"lazy\" decoding=\"async\" class=\"alignleft size-full wp-image-9377\" alt=\"image\" src=\"https:\/\/radiowebmx.com\/nota\/wp-content\/uploads\/2014\/08\/image1.jpeg\" width=\"591\" height=\"269\" srcset=\"https:\/\/radiowebmx.com\/nota\/wp-content\/uploads\/2014\/08\/image1.jpeg 591w, https:\/\/radiowebmx.com\/nota\/wp-content\/uploads\/2014\/08\/image1-300x136.jpeg 300w\" sizes=\"auto, (max-width: 591px) 100vw, 591px\" \/><\/a>La presidenta del DIF Morelia, Margarita Oribio de L\u00e1zaro, encabez\u00f3 esta ma\u00f1ana la Ceremonia de Inicio de Ciclo Escolar 2014-2015 en la Escuela Primaria Hijos del Ej\u00e9rcito, con el cual se dio inicio a las actividades escolares en la capital michoacana.<br \/>\nEn representaci\u00f3n del presidente municipal de Morelia, Wilfrido L\u00e1zaro Medina, el Secretario de Desarrollo Social, Carlos Hern\u00e1ndez, saludo a los m\u00e1s de mil 300 alumnos y padres de familia de diferentes escuelas del municipio como lo son; Hijos del Ej\u00e9rcito, de Morelia; Hermenegildo Galeana, de San Juanito Itz\u00edcuaro; \u00c1lvaro Obreg\u00f3n, de la comunidad de Chihuerio y el preescolar Solidaridad, de la colonia Loma Libre, que se dieron cita esta ma\u00f1ana para arrancar oficialmente el nuevo ciclo escolar.<br \/>\nLa presidenta del DIF Morelia, Margarita Oribio y el maestro Rafael Mendoza Castillo, Subsecretario de Educaci\u00f3n B\u00e1sica de la Secretaria de Educaci\u00f3n en el Estado (SEE), hicieron la entrega simb\u00f3lica de libros, \u00fatiles escolares y uniformes a alumnos representantes de las diferentes escuelas asistentes al evento.<\/p>\n<p align=\"right\">\n<p>En el evento estuvieron presentes Rafael Mendoza Castillo, Subsecretario de Educaci\u00f3n B\u00e1sica de la Secretaria de Educaci\u00f3n en el Estado, en representaci\u00f3n del gobernador Salvador Jara Guerrero; el diputado Salom\u00f3n Fernando Rosales, presidente de la Comisi\u00f3n de Educaci\u00f3n en el Congreso del Estado; la directora del DIF Morelia, M\u00f3nica Castro y el director de Participaci\u00f3n Social, Christian Santiago Tapia, as\u00ed como representantes de las diferentes Instituciones Educativas.<\/p>\n<p>&nbsp;<\/p>\n","protected":false},"excerpt":{"rendered":"<p>La presidenta del DIF Morelia, Margarita Oribio de L\u00e1zaro, encabez\u00f3 esta ma\u00f1ana la Ceremonia de Inicio de Ciclo Escolar 2014-2015 en la Escuela Primaria Hijos del Ej\u00e9rcito, con el cual se dio inicio a las actividades escolares en la capital michoacana.<\/p>\n","protected":false},"author":1,"featured_media":9377,"comment_status":"open","ping_status":"open","sticky":false,"template":"","format":"standard","meta":{"footnotes":""},"categories":[14,9],"tags":[],"class_list":["post-9376","post","type-post","status-publish","format-standard","has-post-thumbnail","hentry","category-destacadas","category-morelia"],"_links":{"self":[{"href":"https:\/\/radiowebmx.com\/nota\/wp-json\/wp\/v2\/posts\/9376","targetHints":{"allow":["GET"]}}],"collection":[{"href":"https:\/\/radiowebmx.com\/nota\/wp-json\/wp\/v2\/posts"}],"about":[{"href":"https:\/\/radiowebmx.com\/nota\/wp-json\/wp\/v2\/types\/post"}],"author":[{"embeddable":true,"href":"https:\/\/radiowebmx.com\/nota\/wp-json\/wp\/v2\/users\/1"}],"replies":[{"embeddable":true,"href":"https:\/\/radiowebmx.com\/nota\/wp-json\/wp\/v2\/comments?post=9376"}],"version-history":[{"count":1,"href":"https:\/\/radiowebmx.com\/nota\/wp-json\/wp\/v2\/posts\/9376\/revisions"}],"predecessor-version":[{"id":9378,"href":"https:\/\/radiowebmx.com\/nota\/wp-json\/wp\/v2\/posts\/9376\/revisions\/9378"}],"wp:featuredmedia":[{"embeddable":true,"href":"https:\/\/radiowebmx.com\/nota\/wp-json\/wp\/v2\/media\/9377"}],"wp:attachment":[{"href":"https:\/\/radiowebmx.com\/nota\/wp-json\/wp\/v2\/media?parent=9376"}],"wp:term":[{"taxonomy":"category","embeddable":true,"href":"https:\/\/radiowebmx.com\/nota\/wp-json\/wp\/v2\/categories?post=9376"},{"taxonomy":"post_tag","embeddable":true,"href":"https:\/\/radiowebmx.com\/nota\/wp-json\/wp\/v2\/tags?post=9376"}],"curies":[{"name":"wp","href":"https:\/\/api.w.org\/{rel}","templated":true}]}}