{"id":9371,"date":"2014-08-19T11:18:36","date_gmt":"2014-08-19T16:18:36","guid":{"rendered":"https:\/\/radiowebmx.com\/nota\/?p=9371"},"modified":"2014-08-19T11:21:15","modified_gmt":"2014-08-19T16:21:15","slug":"vactor-de-conagua-trabajando-en-colonias-de-morelia","status":"publish","type":"post","link":"https:\/\/radiowebmx.com\/nota\/vactor-de-conagua-trabajando-en-colonias-de-morelia\/","title":{"rendered":"VACTOR DE CONAGUA TRABAJANDO EN COLONIAS DE MORELIA"},"content":{"rendered":"<p><a href=\"https:\/\/radiowebmx.com\/nota\/wp-content\/uploads\/2014\/08\/018VactorCNA.jpg\"><img loading=\"lazy\" decoding=\"async\" class=\"alignleft size-full wp-image-9374\" alt=\"018VactorCNA\" src=\"https:\/\/radiowebmx.com\/nota\/wp-content\/uploads\/2014\/08\/018VactorCNA.jpg\" width=\"591\" height=\"390\" srcset=\"https:\/\/radiowebmx.com\/nota\/wp-content\/uploads\/2014\/08\/018VactorCNA.jpg 591w, https:\/\/radiowebmx.com\/nota\/wp-content\/uploads\/2014\/08\/018VactorCNA-300x197.jpg 300w\" sizes=\"auto, (max-width: 591px) 100vw, 591px\" \/><\/a>Con la finalidad de minimizar las afectaciones que pudiera ocasionar la temporada de lluvias, el Ayuntamiento de Morelia, a trav\u00e9s del Organismo Operador de Agua Potable, Alcantarillado y Saneamiento (OOAPAS), realiza actividades diarias con el equipo vactor de la Comisi\u00f3n Nacional del Agua (Conagua) para agilizar trabajos de desazolve de la red sanitaria; como parte del programa de Prevenci\u00f3n de Inundaciones 2014 que arranc\u00f3 el presidente Wilfrido L\u00e1zaro Medina el pasado mes de marzo.<\/p>\n<p>&nbsp;<\/p>\n<p>A trav\u00e9s del programa de Protecci\u00f3n de Centros de Poblaci\u00f3n (PCP), la Comisi\u00f3n Nacional del Agua (Conagua) ha dado apoyo al Organismo Operador con el pr\u00e9stamo de un equipo hidroneum\u00e1tico (vactor); equipo que efect\u00faa trabajos diarios programados de desazolve en puntos cr\u00edticos de la ciudad para optimizar el funcionamiento de la red de drenaje que recibe aguas pluviales durante las tormentas que se presentan en la ciudad.<\/p>\n<p>&nbsp;<\/p>\n<p>Augusto Caire Arriaga, director del OOAPAS, indic\u00f3 que personal del OOAPAS opera el equipo de la Conagua desde el 1\u00b0 de agosto, con jornadas intensivas de trabajo. \u201cEn las \u00faltimas actividades registradas del 11 al 14 de agosto se han desazolvado 4 mil 714 metros de red sanitaria y se han limpiado 11 rejillas pluviales. Adem\u00e1s, seguimos realizando actividades preventivas y correctivas con equipo propio, a trav\u00e9s del \u00e1rea de Alcantarillado\u201d.<\/p>\n<p>&nbsp;<\/p>\n<p>Detall\u00f3 que dentro de las actividades de la semana pasada, se incluy\u00f3 la limpieza de\u00a012 metros\u00a0lineales del canal\u00a0que pasa por la calle Manantial de Agua Zarca en la colonia Manantiales;\u00a0se limpi\u00f3 una secci\u00f3n que tiene 1.5 metros de ancho y una profundidad de 1.20 metros, retirando cerca de 16 metros c\u00fabicos de materiales como: grava, arena, botellas de pl\u00e1stico, costales, pelotas, palos, fierros, hilachos, entre otros.<\/p>\n<p>&nbsp;<\/p>\n<p>Se\u00f1al\u00f3 que, aunado a estos trabajos, se mantienen las jornadas semanales de limpieza del Comit\u00e9 Interinstitucional de Contingencias del Ayuntamiento, as\u00ed como las guardias de 24 horas, donde personal del OOAPAS monitorea las tormentas a trav\u00e9s de 10 estaciones meteorol\u00f3gicas y opera los 12 c\u00e1rcamos de la ciudad.<\/p>\n<p>&nbsp;<\/p>\n<p>Trabajos realizados:<\/p>\n<p>&nbsp;<\/p>\n<div align=\"center\">\n<table width=\"695\" border=\"1\" cellspacing=\"0\" cellpadding=\"0\">\n<tbody>\n<tr>\n<td valign=\"top\" width=\"103\">\n<p align=\"center\"><b>FECHA DE ACTIVIDAD<\/b><\/p>\n<\/td>\n<td valign=\"top\" width=\"237\">\n<p align=\"center\"><b>COLONIAS ATENDIDAS<\/b><\/p>\n<\/td>\n<td valign=\"top\" width=\"169\">\n<p align=\"center\"><b>DESAZOLVE EN L\u00cdNEA DE DRENAJE<\/b><\/p>\n<\/td>\n<td valign=\"top\" width=\"186\">\n<p align=\"center\"><b>REJILLAS PLUVIALES ATENDIDAS<\/b><\/p>\n<\/td>\n<\/tr>\n<tr>\n<td valign=\"top\" width=\"103\">\n<p align=\"center\">07 agosto<\/p>\n<\/td>\n<td valign=\"top\" width=\"237\">\n<p align=\"center\">Ejidal Tres Puentes<\/p>\n<p>.<\/td>\n<td valign=\"top\" width=\"169\">\n<p align=\"center\">1,247\u00a0metros<\/p>\n<\/td>\n<td valign=\"top\" width=\"186\">\n<p align=\"center\">&#8212;<\/p>\n<\/td>\n<\/tr>\n<tr>\n<td valign=\"top\" width=\"103\">\n<p align=\"center\">08 agosto<\/p>\n<\/td>\n<td valign=\"top\" width=\"237\">\n<p align=\"center\">Ejidal Tres Puentes<\/p>\n<\/td>\n<td valign=\"top\" width=\"169\">\n<p align=\"center\">1,035 metros<\/p>\n<\/td>\n<td valign=\"top\" width=\"186\">\n<p align=\"center\">&#8212;<\/p>\n<\/td>\n<\/tr>\n<tr>\n<td valign=\"top\" width=\"103\">\n<p align=\"center\">11 agosto<\/p>\n<\/td>\n<td valign=\"top\" width=\"237\">\n<p align=\"center\">Ejidal Tres Puentes<\/p>\n<p align=\"center\">Tres Puentes<\/p>\n<\/td>\n<td valign=\"top\" width=\"169\">\n<p align=\"center\">300 metros<\/p>\n<\/td>\n<td valign=\"top\" width=\"186\">\n<p align=\"center\">3 rejillas<\/p>\n<\/td>\n<\/tr>\n<tr>\n<td valign=\"top\" width=\"103\">\n<p align=\"center\">12 agosto<\/p>\n<\/td>\n<td valign=\"top\" width=\"237\">\n<p align=\"center\">Tres Puentes<\/p>\n<\/td>\n<td valign=\"top\" width=\"169\">\n<p align=\"center\">980 metros<\/p>\n<\/td>\n<td valign=\"top\" width=\"186\">\n<p align=\"center\">6 rejillas<\/p>\n<\/td>\n<\/tr>\n<tr>\n<td valign=\"top\" width=\"103\">\n<p align=\"center\">13 agosto<\/p>\n<\/td>\n<td valign=\"top\" width=\"237\">\n<p align=\"center\">Tres Puentes<\/p>\n<\/td>\n<td valign=\"top\" width=\"169\">\n<p align=\"center\">1,140 metros<\/p>\n<\/td>\n<td valign=\"top\" width=\"186\">\n<p align=\"center\">2 rejillas<\/p>\n<\/td>\n<\/tr>\n<tr>\n<td valign=\"top\" width=\"103\">\n<p align=\"center\">14 agosto<\/p>\n<\/td>\n<td valign=\"top\" width=\"237\">\n<p align=\"center\">Canal de col. Manantiales<\/p>\n<\/td>\n<td valign=\"top\" width=\"169\">\n<p align=\"center\">12 metros\u00a0(10m3)<\/p>\n<\/td>\n<td valign=\"top\" width=\"186\"><\/td>\n<\/tr>\n<tr>\n<td valign=\"top\" width=\"103\">\n<p align=\"center\"><b>\u00a0<\/b><\/p>\n<\/td>\n<td valign=\"top\" width=\"237\">\n<p align=\"right\"><b>Total:<\/b><\/p>\n<\/td>\n<td valign=\"top\" width=\"169\">\n<p align=\"center\"><b>4,714 metros<\/b><b><\/b><\/p>\n<\/td>\n<td valign=\"top\" width=\"186\">\n<p align=\"center\"><b>11 rejillas<\/b><\/p>\n<\/td>\n<\/tr>\n<\/tbody>\n<\/table>\n<\/div>\n","protected":false},"excerpt":{"rendered":"<p>Con la finalidad de minimizar las afectaciones que pudiera ocasionar la temporada de lluvias, el Ayuntamiento de Morelia, a trav\u00e9s del Organismo Operador de Agua Potable, Alcantarillado y Saneamiento (OOAPAS),<\/p>\n","protected":false},"author":1,"featured_media":9374,"comment_status":"open","ping_status":"open","sticky":false,"template":"","format":"standard","meta":{"footnotes":""},"categories":[14,9],"tags":[],"class_list":["post-9371","post","type-post","status-publish","format-standard","has-post-thumbnail","hentry","category-destacadas","category-morelia"],"_links":{"self":[{"href":"https:\/\/radiowebmx.com\/nota\/wp-json\/wp\/v2\/posts\/9371","targetHints":{"allow":["GET"]}}],"collection":[{"href":"https:\/\/radiowebmx.com\/nota\/wp-json\/wp\/v2\/posts"}],"about":[{"href":"https:\/\/radiowebmx.com\/nota\/wp-json\/wp\/v2\/types\/post"}],"author":[{"embeddable":true,"href":"https:\/\/radiowebmx.com\/nota\/wp-json\/wp\/v2\/users\/1"}],"replies":[{"embeddable":true,"href":"https:\/\/radiowebmx.com\/nota\/wp-json\/wp\/v2\/comments?post=9371"}],"version-history":[{"count":3,"href":"https:\/\/radiowebmx.com\/nota\/wp-json\/wp\/v2\/posts\/9371\/revisions"}],"predecessor-version":[{"id":9373,"href":"https:\/\/radiowebmx.com\/nota\/wp-json\/wp\/v2\/posts\/9371\/revisions\/9373"}],"wp:featuredmedia":[{"embeddable":true,"href":"https:\/\/radiowebmx.com\/nota\/wp-json\/wp\/v2\/media\/9374"}],"wp:attachment":[{"href":"https:\/\/radiowebmx.com\/nota\/wp-json\/wp\/v2\/media?parent=9371"}],"wp:term":[{"taxonomy":"category","embeddable":true,"href":"https:\/\/radiowebmx.com\/nota\/wp-json\/wp\/v2\/categories?post=9371"},{"taxonomy":"post_tag","embeddable":true,"href":"https:\/\/radiowebmx.com\/nota\/wp-json\/wp\/v2\/tags?post=9371"}],"curies":[{"name":"wp","href":"https:\/\/api.w.org\/{rel}","templated":true}]}}