{"id":9368,"date":"2014-08-19T11:14:52","date_gmt":"2014-08-19T16:14:52","guid":{"rendered":"https:\/\/radiowebmx.com\/nota\/?p=9368"},"modified":"2014-08-19T11:14:52","modified_gmt":"2014-08-19T16:14:52","slug":"wilfrido-lazaro-medina-asistio-a-la-rendicion-del-segundo-informe-de-actividades-legislativas-del-senador-de-la-republica-por-michoacan-raul-moron-orozco","status":"publish","type":"post","link":"https:\/\/radiowebmx.com\/nota\/wilfrido-lazaro-medina-asistio-a-la-rendicion-del-segundo-informe-de-actividades-legislativas-del-senador-de-la-republica-por-michoacan-raul-moron-orozco\/","title":{"rendered":"Wilfrido L\u00e1zaro  Medina, asisti\u00f3 a la rendici\u00f3n del Segundo Informe de actividades legislativas del senador de la Rep\u00fablica por Michoac\u00e1n, Ra\u00fal Mor\u00f3n Orozco"},"content":{"rendered":"<p><a href=\"https:\/\/radiowebmx.com\/nota\/wp-content\/uploads\/2014\/08\/informe-6.jpg\"><img loading=\"lazy\" decoding=\"async\" class=\"alignleft size-full wp-image-9369\" alt=\"informe (6)\" src=\"https:\/\/radiowebmx.com\/nota\/wp-content\/uploads\/2014\/08\/informe-6.jpg\" width=\"591\" height=\"301\" srcset=\"https:\/\/radiowebmx.com\/nota\/wp-content\/uploads\/2014\/08\/informe-6.jpg 591w, https:\/\/radiowebmx.com\/nota\/wp-content\/uploads\/2014\/08\/informe-6-300x152.jpg 300w\" sizes=\"auto, (max-width: 591px) 100vw, 591px\" \/><\/a>El presidente municipal de Morelia, Wilfrido L\u00e1zaro\u00a0 Medina, asisti\u00f3 a la rendici\u00f3n del Segundo Informe de actividades legislativas del senador de la Rep\u00fablica por Michoac\u00e1n, Ra\u00fal Mor\u00f3n Orozco, atenci\u00f3n que fue agradecida por el legislador emanado del Partido de la Revoluci\u00f3n Democr\u00e1tica. El evento se llev\u00f3 a cabo en la capital michoacana y adem\u00e1s asisti\u00f3 el secretario de gobierno, Jaime Dario Oseguera.<\/p>\n","protected":false},"excerpt":{"rendered":"<p>El presidente municipal de Morelia, Wilfrido L\u00e1zaro\u00a0 Medina, asisti\u00f3 a la rendici\u00f3n del Segundo Informe de actividades legislativas del senador de la Rep\u00fablica por Michoac\u00e1n, Ra\u00fal Mor\u00f3n Orozco, atenci\u00f3n que fue agradecida por el legislador emanado del Partido de la Revoluci\u00f3n Democr\u00e1tica. El evento se llev\u00f3 a cabo en la capital michoacana y adem\u00e1s asisti\u00f3 [&hellip;]<\/p>\n","protected":false},"author":1,"featured_media":9369,"comment_status":"open","ping_status":"open","sticky":false,"template":"","format":"standard","meta":{"footnotes":""},"categories":[14,9],"tags":[],"class_list":["post-9368","post","type-post","status-publish","format-standard","has-post-thumbnail","hentry","category-destacadas","category-morelia"],"_links":{"self":[{"href":"https:\/\/radiowebmx.com\/nota\/wp-json\/wp\/v2\/posts\/9368","targetHints":{"allow":["GET"]}}],"collection":[{"href":"https:\/\/radiowebmx.com\/nota\/wp-json\/wp\/v2\/posts"}],"about":[{"href":"https:\/\/radiowebmx.com\/nota\/wp-json\/wp\/v2\/types\/post"}],"author":[{"embeddable":true,"href":"https:\/\/radiowebmx.com\/nota\/wp-json\/wp\/v2\/users\/1"}],"replies":[{"embeddable":true,"href":"https:\/\/radiowebmx.com\/nota\/wp-json\/wp\/v2\/comments?post=9368"}],"version-history":[{"count":1,"href":"https:\/\/radiowebmx.com\/nota\/wp-json\/wp\/v2\/posts\/9368\/revisions"}],"predecessor-version":[{"id":9370,"href":"https:\/\/radiowebmx.com\/nota\/wp-json\/wp\/v2\/posts\/9368\/revisions\/9370"}],"wp:featuredmedia":[{"embeddable":true,"href":"https:\/\/radiowebmx.com\/nota\/wp-json\/wp\/v2\/media\/9369"}],"wp:attachment":[{"href":"https:\/\/radiowebmx.com\/nota\/wp-json\/wp\/v2\/media?parent=9368"}],"wp:term":[{"taxonomy":"category","embeddable":true,"href":"https:\/\/radiowebmx.com\/nota\/wp-json\/wp\/v2\/categories?post=9368"},{"taxonomy":"post_tag","embeddable":true,"href":"https:\/\/radiowebmx.com\/nota\/wp-json\/wp\/v2\/tags?post=9368"}],"curies":[{"name":"wp","href":"https:\/\/api.w.org\/{rel}","templated":true}]}}