{"id":9365,"date":"2014-08-19T11:03:18","date_gmt":"2014-08-19T16:03:18","guid":{"rendered":"https:\/\/radiowebmx.com\/nota\/?p=9365"},"modified":"2014-08-19T11:03:18","modified_gmt":"2014-08-19T16:03:18","slug":"imde-realizara-primer-congreso-nacional-de-lucha-olimpica-abel-hernandez-cortes","status":"publish","type":"post","link":"https:\/\/radiowebmx.com\/nota\/imde-realizara-primer-congreso-nacional-de-lucha-olimpica-abel-hernandez-cortes\/","title":{"rendered":"IMDE REALIZAR\u00c1 PRIMER CONGRESO NACIONAL DE LUCHA OL\u00cdMPICA \u201cABEL HERN\u00c1NDEZ CORT\u00c9S\u201d"},"content":{"rendered":"<p><img loading=\"lazy\" decoding=\"async\" class=\"alignleft size-full wp-image-9366\" alt=\"FOTO 2\" src=\"https:\/\/radiowebmx.com\/nota\/wp-content\/uploads\/2014\/08\/FOTO-2.jpg\" width=\"591\" height=\"331\" srcset=\"https:\/\/radiowebmx.com\/nota\/wp-content\/uploads\/2014\/08\/FOTO-2.jpg 591w, https:\/\/radiowebmx.com\/nota\/wp-content\/uploads\/2014\/08\/FOTO-2-300x168.jpg 300w, https:\/\/radiowebmx.com\/nota\/wp-content\/uploads\/2014\/08\/FOTO-2-284x158.jpg 284w, https:\/\/radiowebmx.com\/nota\/wp-content\/uploads\/2014\/08\/FOTO-2-128x72.jpg 128w\" sizes=\"auto, (max-width: 591px) 100vw, 591px\" \/><\/p>\n<p>Como resultado de una Suma de Voluntades entre el ayuntamiento de Morelia y el Pentathl\u00f3n Deportivo Militarizado Universitario (PDMU) XVI Zona Michoac\u00e1n, se realizar\u00e1 el Primer Congreso-Taller Nacional de Lucha Ol\u00edmpica \u201cProfesor Abel Hern\u00e1ndez Cort\u00e9s\u201d, el cual tendr\u00e1 lugar en las instalaciones del Hotel Best Western, los pr\u00f3ximos 22, 23 y 24 de agosto, evento en el cual se espera la participaci\u00f3n de 300 asistentes.<\/p>\n<p>&nbsp;<\/p>\n<p>Con la firme intenci\u00f3n de dar continuidad a los eventos y gestiones deportivas, las cuales han posicionado a Morelia como la capital nacional del deporte, Wilfrido L\u00e1zaro Medina, a trav\u00e9s del Instituto Municipal de Cultura F\u00edsica y Deporte (IMDE), se ha realizado labores importantes y ahora ser\u00e1 turno de la lucha ol\u00edmpica, con la celebraci\u00f3n del congreso-taller, el cual por primera ocasi\u00f3n se desarrollar\u00e1 en la capital michoacana.<\/p>\n<p>&nbsp;<\/p>\n<p>Para dar el anuncio del evento se reunieron: Juan Carlos T\u00e9llez, en representaci\u00f3n de Miguel \u00c1ngel Garc\u00eda Meza, director general del IMDE; Wilfrido Herrera, comandante de la XVI Zona Michoac\u00e1n de Pentathl\u00f3n Deportivo Militarizado Universitario, adem\u00e1s de Alfonso L\u00f3pez Su\u00e1rez, jefe del Estado Mayor del Pentatl\u00f3n Deportivo, entre otros.<\/p>\n<p>&nbsp;<\/p>\n<p>\u201cGracias a la Suma de Voluntades, que nos ha dado tanto \u00e9xito en el deporte, es que podemos realizar este Congreso &#8211; Taller, para dar un mayor impulso a este deporte, que tantas glorias ha entregado a M\u00e9xico a lo largo del tiempo, es por eso que buscamos optimizarlo\u201d declar\u00f3 Juan Carlos T\u00e9llez, funcionario del IMDE.<\/p>\n<p>&nbsp;<\/p>\n","protected":false},"excerpt":{"rendered":"<p>Como resultado de una Suma de Voluntades entre el ayuntamiento de Morelia y el Pentathl\u00f3n Deportivo Militarizado Universitario (PDMU) XVI Zona Michoac\u00e1n, se realizar\u00e1 el Primer Congreso-Taller Nacional de Lucha Ol\u00edmpica \u201cProfesor Abel Hern\u00e1ndez Cort\u00e9s\u201d,<\/p>\n","protected":false},"author":1,"featured_media":9366,"comment_status":"open","ping_status":"open","sticky":false,"template":"","format":"standard","meta":{"footnotes":""},"categories":[14,9],"tags":[],"class_list":["post-9365","post","type-post","status-publish","format-standard","has-post-thumbnail","hentry","category-destacadas","category-morelia"],"_links":{"self":[{"href":"https:\/\/radiowebmx.com\/nota\/wp-json\/wp\/v2\/posts\/9365","targetHints":{"allow":["GET"]}}],"collection":[{"href":"https:\/\/radiowebmx.com\/nota\/wp-json\/wp\/v2\/posts"}],"about":[{"href":"https:\/\/radiowebmx.com\/nota\/wp-json\/wp\/v2\/types\/post"}],"author":[{"embeddable":true,"href":"https:\/\/radiowebmx.com\/nota\/wp-json\/wp\/v2\/users\/1"}],"replies":[{"embeddable":true,"href":"https:\/\/radiowebmx.com\/nota\/wp-json\/wp\/v2\/comments?post=9365"}],"version-history":[{"count":1,"href":"https:\/\/radiowebmx.com\/nota\/wp-json\/wp\/v2\/posts\/9365\/revisions"}],"predecessor-version":[{"id":9367,"href":"https:\/\/radiowebmx.com\/nota\/wp-json\/wp\/v2\/posts\/9365\/revisions\/9367"}],"wp:featuredmedia":[{"embeddable":true,"href":"https:\/\/radiowebmx.com\/nota\/wp-json\/wp\/v2\/media\/9366"}],"wp:attachment":[{"href":"https:\/\/radiowebmx.com\/nota\/wp-json\/wp\/v2\/media?parent=9365"}],"wp:term":[{"taxonomy":"category","embeddable":true,"href":"https:\/\/radiowebmx.com\/nota\/wp-json\/wp\/v2\/categories?post=9365"},{"taxonomy":"post_tag","embeddable":true,"href":"https:\/\/radiowebmx.com\/nota\/wp-json\/wp\/v2\/tags?post=9365"}],"curies":[{"name":"wp","href":"https:\/\/api.w.org\/{rel}","templated":true}]}}