{"id":9352,"date":"2014-08-03T22:12:18","date_gmt":"2014-08-04T03:12:18","guid":{"rendered":"https:\/\/radiowebmx.com\/nota\/?p=9352"},"modified":"2014-08-18T22:12:27","modified_gmt":"2014-08-19T03:12:27","slug":"clausuran-cursos-de-verano-del-dif-morelia","status":"publish","type":"post","link":"https:\/\/radiowebmx.com\/nota\/clausuran-cursos-de-verano-del-dif-morelia\/","title":{"rendered":"CLAUSURAN CURSOS DE VERANO DEL DIF MORELIA"},"content":{"rendered":"<p><a href=\"https:\/\/radiowebmx.com\/nota\/wp-content\/uploads\/2014\/08\/image_2.png\"><img loading=\"lazy\" decoding=\"async\" class=\"alignleft size-full wp-image-9353\" alt=\"image_2\" src=\"https:\/\/radiowebmx.com\/nota\/wp-content\/uploads\/2014\/08\/image_2.png\" width=\"591\" height=\"346\" srcset=\"https:\/\/radiowebmx.com\/nota\/wp-content\/uploads\/2014\/08\/image_2.png 591w, https:\/\/radiowebmx.com\/nota\/wp-content\/uploads\/2014\/08\/image_2-300x175.png 300w\" sizes=\"auto, (max-width: 591px) 100vw, 591px\" \/><\/a>El\u00a0\u00a0Ayuntamiento de Morelia que encabeza el presidente municipal Wilfrido L\u00e1zaro Medina, a trav\u00e9s del DIF Morelia, que preside Margarita Oribio de L\u00e1zaro, realiz\u00f3 la clausura de los cursos de verano \u201cRescatando Valores y Sumando Voluntades 2014\u201d que imparti\u00f3 el Centro de Atenci\u00f3n Integral para la Cultura de la Discapacidad.<br \/>\nEn el evento estuvo presente la Directora del DIF Morelia, M\u00f3nica Castro, quien en representaci\u00f3n de la Presidenta del DIF Municipal, fue la encargada de clausurar estas actividades que durante un mes desarrollaron m\u00e1s de 130 ni\u00f1os y j\u00f3venes inscritos.<\/p>\n<p>&nbsp;<\/p>\n<p>En este curso se impartieron los talleres de lenguaje de se\u00f1as, orientaci\u00f3n y movilidad, goal ball, manualidades, talleres vivenciales, lectura braile y coro de lenguaje de se\u00f1as.<\/p>\n<p>&nbsp;<\/p>\n<p>M\u00f3nica Castro, directora del DIF Municipal, agradeci\u00f3 a los padres de familia por la confianza depositada en esta instituci\u00f3n al participar en este curso de verano que result\u00f3 todo un \u00e9xito en beneficio de uno de los p\u00fablicos vulnerables de la capital michoacana.<\/p>\n","protected":false},"excerpt":{"rendered":"<p>El  Ayuntamiento de Morelia que encabeza el presidente municipal Wilfrido L\u00e1zaro Medina, a trav\u00e9s del DIF Morelia, que preside Margarita Oribio de L\u00e1zaro, realiz\u00f3 la clausura de los cursos de verano \u201cRescatando Valores y Sumando Voluntades 2014\u201d que imparti\u00f3 el Centro de Atenci\u00f3n Integral para la Cultura de la Discapacidad.<\/p>\n","protected":false},"author":1,"featured_media":9353,"comment_status":"open","ping_status":"open","sticky":false,"template":"","format":"standard","meta":{"footnotes":""},"categories":[14,9],"tags":[],"class_list":["post-9352","post","type-post","status-publish","format-standard","has-post-thumbnail","hentry","category-destacadas","category-morelia"],"_links":{"self":[{"href":"https:\/\/radiowebmx.com\/nota\/wp-json\/wp\/v2\/posts\/9352","targetHints":{"allow":["GET"]}}],"collection":[{"href":"https:\/\/radiowebmx.com\/nota\/wp-json\/wp\/v2\/posts"}],"about":[{"href":"https:\/\/radiowebmx.com\/nota\/wp-json\/wp\/v2\/types\/post"}],"author":[{"embeddable":true,"href":"https:\/\/radiowebmx.com\/nota\/wp-json\/wp\/v2\/users\/1"}],"replies":[{"embeddable":true,"href":"https:\/\/radiowebmx.com\/nota\/wp-json\/wp\/v2\/comments?post=9352"}],"version-history":[{"count":2,"href":"https:\/\/radiowebmx.com\/nota\/wp-json\/wp\/v2\/posts\/9352\/revisions"}],"predecessor-version":[{"id":9355,"href":"https:\/\/radiowebmx.com\/nota\/wp-json\/wp\/v2\/posts\/9352\/revisions\/9355"}],"wp:featuredmedia":[{"embeddable":true,"href":"https:\/\/radiowebmx.com\/nota\/wp-json\/wp\/v2\/media\/9353"}],"wp:attachment":[{"href":"https:\/\/radiowebmx.com\/nota\/wp-json\/wp\/v2\/media?parent=9352"}],"wp:term":[{"taxonomy":"category","embeddable":true,"href":"https:\/\/radiowebmx.com\/nota\/wp-json\/wp\/v2\/categories?post=9352"},{"taxonomy":"post_tag","embeddable":true,"href":"https:\/\/radiowebmx.com\/nota\/wp-json\/wp\/v2\/tags?post=9352"}],"curies":[{"name":"wp","href":"https:\/\/api.w.org\/{rel}","templated":true}]}}