{"id":9350,"date":"2014-08-03T22:08:12","date_gmt":"2014-08-04T03:08:12","guid":{"rendered":"https:\/\/radiowebmx.com\/nota\/?p=9350"},"modified":"2014-08-18T22:09:20","modified_gmt":"2014-08-19T03:09:20","slug":"quedan-instaladas-las-comisiones-para-festividades-de-fechas-patrias","status":"publish","type":"post","link":"https:\/\/radiowebmx.com\/nota\/quedan-instaladas-las-comisiones-para-festividades-de-fechas-patrias\/","title":{"rendered":"QUEDAN INSTALADAS LAS COMISIONES PARA FESTIVIDADES DE  FECHAS PATRIAS"},"content":{"rendered":"<p>Luego de la instalaci\u00f3n de la Junta Patri\u00f3tica \u201cIndependencia de M\u00e9xico, Jos\u00e9 Mar\u00eda Morelos y Pav\u00f3n 2014, se instalaron las comisiones que participar\u00e1n en la integraci\u00f3n de eventos culturales, c\u00edvicos, deportivos y de promoci\u00f3n y difusi\u00f3n que enmarcar\u00e1n las pr\u00f3ximas fechas patrias.<\/p>\n<p>&nbsp;<\/p>\n<p>A\u00a0\u00a0menos de un mes de que inicie septiembre, las comisiones que ejecutar\u00e1n los distintos programas reafirmaron\u00a0\u00a0su compromiso con la promoci\u00f3n de estas fechas que recuerdan una parte muy importante de la historia de nuestro pa\u00eds y de la ciudad de Morelia, por lo que se instalaron oficialmente cuatro comisiones.<\/p>\n<p>&nbsp;<\/p>\n<p>C\u00e1maras empresariales, medios de comunicaci\u00f3n, hoteleros, instituciones de gobierno Estatal y Municipal asistieron a esta instalaci\u00f3n\u00a0\u00a0y aseguraron coadyuvar con estas acciones para difundir las riquezas culturales de Morelia, con el objetivo tambi\u00e9n de reactivar la econom\u00eda principalmente del primer cuadro de la ciudad.<\/p>\n<p>&nbsp;<\/p>\n<p>El secretario de cultura y turismo del Ayuntamiento de Morelia, Armando Enrique Rivera Ruiz, asegur\u00f3 que septiembre es un mes muy nutrido de eventos y que es de vital importancia la participaci\u00f3n de cada una de las instituciones que participan, por ello, transmiti\u00f3 el agradecimiento del presidente municipal de Morelia, el profesor Wilfrido L\u00e1zaro Medina, por el apoyo y compromiso que tienen con el contexto hist\u00f3rico de la ciudad.<\/p>\n<p>&nbsp;<\/p>\n<p>Con esto, a partir de ahora cada una de las instituciones podr\u00e1 enviar las propuestas necesarias y voluntarias a la Secretaria de Turismo y Cultura del Ayuntamiento, ubicadas en la Avenida Madero Poniente 760 de la colonia centro, para as\u00ed mismo ir desarrollando\u00a0\u00a0el programa de actividades, que se espera sean m\u00e1s de 150, por lo que Morelia tendr\u00e1 mucho de que presumir en cuanto a actividades culturales, c\u00edvicas, deportivas y de promoci\u00f3n durante el mes de Septiembre.<\/p>\n","protected":false},"excerpt":{"rendered":"<p>Luego de la instalaci\u00f3n de la Junta Patri\u00f3tica \u201cIndependencia de M\u00e9xico, Jos\u00e9 Mar\u00eda Morelos y Pav\u00f3n 2014, se instalaron las comisiones que participar\u00e1n en la integraci\u00f3n de eventos culturales, c\u00edvicos, deportivos y de promoci\u00f3n y difusi\u00f3n que enmarcar\u00e1n las pr\u00f3ximas fechas patrias.<\/p>\n","protected":false},"author":1,"featured_media":0,"comment_status":"open","ping_status":"open","sticky":false,"template":"","format":"standard","meta":{"footnotes":""},"categories":[14,9],"tags":[],"class_list":["post-9350","post","type-post","status-publish","format-standard","hentry","category-destacadas","category-morelia"],"_links":{"self":[{"href":"https:\/\/radiowebmx.com\/nota\/wp-json\/wp\/v2\/posts\/9350","targetHints":{"allow":["GET"]}}],"collection":[{"href":"https:\/\/radiowebmx.com\/nota\/wp-json\/wp\/v2\/posts"}],"about":[{"href":"https:\/\/radiowebmx.com\/nota\/wp-json\/wp\/v2\/types\/post"}],"author":[{"embeddable":true,"href":"https:\/\/radiowebmx.com\/nota\/wp-json\/wp\/v2\/users\/1"}],"replies":[{"embeddable":true,"href":"https:\/\/radiowebmx.com\/nota\/wp-json\/wp\/v2\/comments?post=9350"}],"version-history":[{"count":1,"href":"https:\/\/radiowebmx.com\/nota\/wp-json\/wp\/v2\/posts\/9350\/revisions"}],"predecessor-version":[{"id":9351,"href":"https:\/\/radiowebmx.com\/nota\/wp-json\/wp\/v2\/posts\/9350\/revisions\/9351"}],"wp:attachment":[{"href":"https:\/\/radiowebmx.com\/nota\/wp-json\/wp\/v2\/media?parent=9350"}],"wp:term":[{"taxonomy":"category","embeddable":true,"href":"https:\/\/radiowebmx.com\/nota\/wp-json\/wp\/v2\/categories?post=9350"},{"taxonomy":"post_tag","embeddable":true,"href":"https:\/\/radiowebmx.com\/nota\/wp-json\/wp\/v2\/tags?post=9350"}],"curies":[{"name":"wp","href":"https:\/\/api.w.org\/{rel}","templated":true}]}}