{"id":9347,"date":"2014-08-03T22:07:29","date_gmt":"2014-08-04T03:07:29","guid":{"rendered":"https:\/\/radiowebmx.com\/nota\/?p=9347"},"modified":"2014-08-18T22:08:05","modified_gmt":"2014-08-19T03:08:05","slug":"participan-segob-gobierno-de-michoacan-congreso-del-estado-y-el-ayuntamiento-de-apatzingan","status":"publish","type":"post","link":"https:\/\/radiowebmx.com\/nota\/participan-segob-gobierno-de-michoacan-congreso-del-estado-y-el-ayuntamiento-de-apatzingan\/","title":{"rendered":"Participan SEGOB, Gobierno de Michoac\u00e1n, Congreso del estado y el Ayuntamiento de Apatzing\u00e1n"},"content":{"rendered":"<p>Con la presentaci\u00f3n de actividades acad\u00e9micas, hist\u00f3ricas, culturales y de entretenimiento, la Secretar\u00eda de Gobernaci\u00f3n, \u00a0la Comisi\u00f3n Especial del Bicentenario del Decreto Constitucional para la Libertad de la Am\u00e9rica Mexicana y el Ayuntamiento de Apatzing\u00e1n, \u00a0sostuvieron una reuni\u00f3n para ultimar detalles del inicio de las actividades conmemorativas de los 200 a\u00f1os de la Constituci\u00f3n de Apatzing\u00e1n de 1814, previstas para la \u00faltimas semana de agosto.<\/p>\n<p>En este marco, con la \u00a0representaci\u00f3n de la Unidad para el Desarrollo Pol\u00edtico y Fomento C\u00edvico de la Secretar\u00eda de Gobernaci\u00f3n (SEGOB), F\u00e9lix Mart\u00edn; del Gobierno de Michoac\u00e1n, Felipe de Jes\u00fas Dom\u00ednguez Mu\u00f1oz; el Director de la Comisi\u00f3n de Ferias, Exposiciones y Eventos del estado, Zeus Rodr\u00edguez Miranda; del Congreso del estado de Michoac\u00e1n, C\u00e9sar Ch\u00e1vez Garibay y del gobierno municipal de Apatzing\u00e1n, David Huerta, esbozaron las actividades a desarrollar durante los actos conmemorativos.<\/p>\n<p>En reuni\u00f3n sostenida en las instalaciones del Ayuntamiento, C\u00e9sar Ch\u00e1vez, deline\u00f3 y present\u00f3 ante los funcionarios municipales, del estado y federal, la eventos acad\u00e9micos, hist\u00f3ricos, culturales y de entretenimiento que se efectuar\u00e1n a partir del pr\u00f3ximo 25 de agosto en el municipio; \u201cestamos alistando lo que ser\u00e1 las actividades, las cuales estimamos que cumplan las expectativas de los habitantes al acudir a una cita con la historia de M\u00e9xico\u201d.<\/p>\n<p>Ch\u00e1vez Garibay, explic\u00f3 que el 25 de agosto, fecha del inicio formal de las actividades bicentenarias, \u201cadem\u00e1s de conciertos musicales, se ha dise\u00f1ado un foro acad\u00e9mico, simposio internacional, exposiciones hist\u00f3ricas itinerantes, conferencias magistrales y la presentaci\u00f3n de diversos libros con la tem\u00e1tica constitucional de 1814\u201d.<\/p>\n<p>Derivado de la reuni\u00f3n, el presidente de la Comisi\u00f3n Especial del Bicentenario de la Constituci\u00f3n de Apatzing\u00e1n, confi\u00f3 que con la suma de esfuerzos, \u00a0la coordinaci\u00f3n interinstitucional y la integraci\u00f3n de los tres \u00f3rdenes de gobierno, \u201clas celebraciones del Bicentenario confirmar\u00e1n que la naci\u00f3n adem\u00e1s de la historia, tiene instituciones que fortalecer\u00e1n las conmemoraciones delos 200 a\u00f1os del primer decreto constitucional de M\u00e9xico\u201d, finaliz\u00f3.<\/p>\n","protected":false},"excerpt":{"rendered":"<p>Con la presentaci\u00f3n de actividades acad\u00e9micas, hist\u00f3ricas, culturales y de entretenimiento, la Secretar\u00eda de Gobernaci\u00f3n,  la Comisi\u00f3n Especial del Bicentenario del Decreto Constitucional para la Libertad de la Am\u00e9rica Mexicana y el Ayuntamiento de Apatzing\u00e1n, <\/p>\n","protected":false},"author":1,"featured_media":0,"comment_status":"open","ping_status":"open","sticky":false,"template":"","format":"standard","meta":{"footnotes":""},"categories":[9],"tags":[],"class_list":["post-9347","post","type-post","status-publish","format-standard","hentry","category-morelia"],"_links":{"self":[{"href":"https:\/\/radiowebmx.com\/nota\/wp-json\/wp\/v2\/posts\/9347","targetHints":{"allow":["GET"]}}],"collection":[{"href":"https:\/\/radiowebmx.com\/nota\/wp-json\/wp\/v2\/posts"}],"about":[{"href":"https:\/\/radiowebmx.com\/nota\/wp-json\/wp\/v2\/types\/post"}],"author":[{"embeddable":true,"href":"https:\/\/radiowebmx.com\/nota\/wp-json\/wp\/v2\/users\/1"}],"replies":[{"embeddable":true,"href":"https:\/\/radiowebmx.com\/nota\/wp-json\/wp\/v2\/comments?post=9347"}],"version-history":[{"count":2,"href":"https:\/\/radiowebmx.com\/nota\/wp-json\/wp\/v2\/posts\/9347\/revisions"}],"predecessor-version":[{"id":9349,"href":"https:\/\/radiowebmx.com\/nota\/wp-json\/wp\/v2\/posts\/9347\/revisions\/9349"}],"wp:attachment":[{"href":"https:\/\/radiowebmx.com\/nota\/wp-json\/wp\/v2\/media?parent=9347"}],"wp:term":[{"taxonomy":"category","embeddable":true,"href":"https:\/\/radiowebmx.com\/nota\/wp-json\/wp\/v2\/categories?post=9347"},{"taxonomy":"post_tag","embeddable":true,"href":"https:\/\/radiowebmx.com\/nota\/wp-json\/wp\/v2\/tags?post=9347"}],"curies":[{"name":"wp","href":"https:\/\/api.w.org\/{rel}","templated":true}]}}