{"id":9310,"date":"2014-08-18T13:08:07","date_gmt":"2014-08-18T18:08:07","guid":{"rendered":"https:\/\/radiowebmx.com\/nota\/?p=9310"},"modified":"2014-08-18T13:27:39","modified_gmt":"2014-08-18T18:27:39","slug":"en-michoacan-somos-mas-los-buenos-jaime-dario-oseguera","status":"publish","type":"post","link":"https:\/\/radiowebmx.com\/nota\/en-michoacan-somos-mas-los-buenos-jaime-dario-oseguera\/","title":{"rendered":"EN MICHOAC\u00c1N SOMOS M\u00c1S LOS BUENOS: JAIME DAR\u00cdO OSEGUERA"},"content":{"rendered":"<p><a href=\"https:\/\/radiowebmx.com\/nota\/wp-content\/uploads\/2014\/08\/JDO-FeriadelCobre6.jpg\"><img loading=\"lazy\" decoding=\"async\" class=\"alignleft size-full wp-image-9312\" alt=\"JDO-FeriadelCobre6\" src=\"https:\/\/radiowebmx.com\/nota\/wp-content\/uploads\/2014\/08\/JDO-FeriadelCobre6.jpg\" width=\"591\" height=\"340\" srcset=\"https:\/\/radiowebmx.com\/nota\/wp-content\/uploads\/2014\/08\/JDO-FeriadelCobre6.jpg 591w, https:\/\/radiowebmx.com\/nota\/wp-content\/uploads\/2014\/08\/JDO-FeriadelCobre6-300x172.jpg 300w\" sizes=\"auto, (max-width: 591px) 100vw, 591px\" \/><\/a>En Michoac\u00e1n somos m\u00e1s la gente buena y son m\u00e1s las buenas noticias que las malas, afirm\u00f3 el secretario de Gobierno, Jaime Dar\u00edo Oseguera M\u00e9ndez, al clausurar este domingo la Feria Nacional del Cobre.<\/p>\n<p>En Michoac\u00e1n permanentemente hay buenas noticias porque lo mejor que tiene Michoac\u00e1n es su gente, la creatividad, el trabajo y el esmero que ponen por salir adelante con su labor, sea cual sea, indic\u00f3 el responsable de la pol\u00edtica interna del gobierno del estado.<\/p>\n<p>Con la representaci\u00f3n del gobernador, Salvador Jara Guerrero, Oseguera M\u00e9ndez entreg\u00f3 los premios de la m\u00e1s importante actividad de la feria, el Concurso del Cobre Martillado, cuyo Galard\u00f3n Nacional gan\u00f3 el maestro artesano Jos\u00e9 Luis Hern\u00e1ndez.<\/p>\n<p>El secretario de Gobierno, resalt\u00f3 el respeto al trabajo que se hace en Salvador Escalante y se dijo emocionado y orgulloso de estar en un lugar donde se moldea de manera \u00fanica en el mundo el cobre; artesan\u00eda de la m\u00e1s sobresaliente que tiene Michoac\u00e1n.<\/p>\n<p>\u201cEs muy importante sacar adelante las cosas que cotidianamente hace la gente, me siento muy orgulloso, muy halagado de que est\u00e9n aqu\u00ed la reina y las princesas, porque eso es Michoac\u00e1n, cobre en martillado, belleza, trabajo, producci\u00f3n y agradezco que est\u00e9n los funcionarios del gobierno\u201d, extern\u00f3.<\/p>\n<p>\u201cApreciamos y valoramos lo que se ha venido haciendo y esta es una forma de responder con trabajo, con dedicaci\u00f3n, con esmero, de manera que la Casa de las Artesan\u00edas el Gobierno de Michoac\u00e1n, la Secretar\u00eda de Gobierno, solo les quiere decir una cosa, estamos muy orgullosos de Michoac\u00e1n y de su gente y de su trabajo\u201d, finaliz\u00f3.<\/p>\n","protected":false},"excerpt":{"rendered":"<p>En Michoac\u00e1n somos m\u00e1s la gente buena y son m\u00e1s las buenas noticias que las malas, afirm\u00f3 el secretario de Gobierno, Jaime Dar\u00edo Oseguera M\u00e9ndez, al clausurar este domingo la Feria Nacional del Cobre.<\/p>\n","protected":false},"author":1,"featured_media":9312,"comment_status":"open","ping_status":"open","sticky":false,"template":"","format":"standard","meta":{"footnotes":""},"categories":[1],"tags":[],"class_list":["post-9310","post","type-post","status-publish","format-standard","has-post-thumbnail","hentry","category-sin-categoria"],"_links":{"self":[{"href":"https:\/\/radiowebmx.com\/nota\/wp-json\/wp\/v2\/posts\/9310","targetHints":{"allow":["GET"]}}],"collection":[{"href":"https:\/\/radiowebmx.com\/nota\/wp-json\/wp\/v2\/posts"}],"about":[{"href":"https:\/\/radiowebmx.com\/nota\/wp-json\/wp\/v2\/types\/post"}],"author":[{"embeddable":true,"href":"https:\/\/radiowebmx.com\/nota\/wp-json\/wp\/v2\/users\/1"}],"replies":[{"embeddable":true,"href":"https:\/\/radiowebmx.com\/nota\/wp-json\/wp\/v2\/comments?post=9310"}],"version-history":[{"count":3,"href":"https:\/\/radiowebmx.com\/nota\/wp-json\/wp\/v2\/posts\/9310\/revisions"}],"predecessor-version":[{"id":9313,"href":"https:\/\/radiowebmx.com\/nota\/wp-json\/wp\/v2\/posts\/9310\/revisions\/9313"}],"wp:featuredmedia":[{"embeddable":true,"href":"https:\/\/radiowebmx.com\/nota\/wp-json\/wp\/v2\/media\/9312"}],"wp:attachment":[{"href":"https:\/\/radiowebmx.com\/nota\/wp-json\/wp\/v2\/media?parent=9310"}],"wp:term":[{"taxonomy":"category","embeddable":true,"href":"https:\/\/radiowebmx.com\/nota\/wp-json\/wp\/v2\/categories?post=9310"},{"taxonomy":"post_tag","embeddable":true,"href":"https:\/\/radiowebmx.com\/nota\/wp-json\/wp\/v2\/tags?post=9310"}],"curies":[{"name":"wp","href":"https:\/\/api.w.org\/{rel}","templated":true}]}}