{"id":9307,"date":"2014-08-18T13:03:33","date_gmt":"2014-08-18T18:03:33","guid":{"rendered":"https:\/\/radiowebmx.com\/nota\/?p=9307"},"modified":"2014-08-18T13:03:33","modified_gmt":"2014-08-18T18:03:33","slug":"morelia-apoya-a-cheran-en-muestra-artesanal-y-cultural","status":"publish","type":"post","link":"https:\/\/radiowebmx.com\/nota\/morelia-apoya-a-cheran-en-muestra-artesanal-y-cultural\/","title":{"rendered":"MORELIA APOYA A CHERAN EN MUESTRA ARTESANAL Y CULTURAL"},"content":{"rendered":"<p><a href=\"https:\/\/radiowebmx.com\/nota\/wp-content\/uploads\/2014\/08\/cheran-1.jpg\"><img loading=\"lazy\" decoding=\"async\" class=\"alignleft size-full wp-image-9308\" alt=\"cheran (1)\" src=\"https:\/\/radiowebmx.com\/nota\/wp-content\/uploads\/2014\/08\/cheran-1.jpg\" width=\"591\" height=\"331\" srcset=\"https:\/\/radiowebmx.com\/nota\/wp-content\/uploads\/2014\/08\/cheran-1.jpg 591w, https:\/\/radiowebmx.com\/nota\/wp-content\/uploads\/2014\/08\/cheran-1-300x168.jpg 300w, https:\/\/radiowebmx.com\/nota\/wp-content\/uploads\/2014\/08\/cheran-1-284x158.jpg 284w, https:\/\/radiowebmx.com\/nota\/wp-content\/uploads\/2014\/08\/cheran-1-128x72.jpg 128w\" sizes=\"auto, (max-width: 591px) 100vw, 591px\" \/><\/a>Al inaugurar\u00a0\u00a0la Muestra Artesanal, Cultural y Gastron\u00f3mica de Cher\u00e1n en Morelia 2014, el presidente municipal de Morelia, Wilfrido L\u00e1zaro Medina, llam\u00f3 a los asistentes a hacer turismo en nuestro estado, planeando sus pr\u00f3ximas vacaciones a alg\u00fan lugar de Michoac\u00e1n.<\/p>\n<p>&nbsp;<\/p>\n<p>Tras reconocer las maravillas naturales, culturales, arquitect\u00f3nicas e hist\u00f3ricas con las que cuenta cada rinc\u00f3n de la extensa geograf\u00eda michoacana, el edil asegur\u00f3 que con mucho orgullo los morelianos apoyan a todos los municipios que deseen exponer al mundo, desde la capital del estado, su diversidad artesanal y cultural.<\/p>\n<p>&nbsp;<\/p>\n<p>\u201cMorelia est\u00e1 de pl\u00e1cemes al recibir la riqueza artesanal de Cher\u00e1n y como a ellos, apoyaremos a todos los artesanos del estado que quieran exponer su riqueza en esta ciudad\u201d, dijo L\u00e1zaro Medina.<\/p>\n<p>&nbsp;<\/p>\n<p>Del 17 al 23 de agosto, artistas de Cher\u00e1n mostrar\u00e1n y comercializar\u00e1n de forma directa la diversidad artesanal que se produce en este sitio y que ha colocado a la entidad como uno de los estados con mayor riqueza artesanal en M\u00e9xico y a nivel internacional.<\/p>\n<p>&nbsp;<\/p>\n<p>En el acto oficial de inauguraci\u00f3n de esta Muestra, el representante del Consejo Mayor de Cher\u00e1n, Salvador Tapia, agradeci\u00f3 el apoyo recibido por el presidente Wilfrido L\u00e1zaro Medina, \u201chemos sentido un verdadero apoyo del presidente y agradecemos nos permita exponer nuestra artesan\u00eda a los morelianos\u201d.<\/p>\n<p>&nbsp;<\/p>\n<p>Asegur\u00f3 que ante la escasez de trabajo que se sufre en este municipio ind\u00edgena, la muestra de Cher\u00e1n en Morelia, es un respiro para que los artesanos registren ventas y por ende ingresos econ\u00f3micos para el bienestar de sus familias.<\/p>\n<p>&nbsp;<\/p>\n<p>El presidente municipal de Morelia, Wilfrido L\u00e1zaro Medina, entreg\u00f3 a Salvador Tapia, un reconconocimiento y una artesan\u00eda del Acueducto de Morelia.<\/p>\n<p>&nbsp;<\/p>\n<p>A este evento tambi\u00e9n asistieron el sub director de la Casa de las Artesan\u00edas, Enrique S\u00e1nchez; el secretario de los Pueblos Ind\u00edgenas, Juan Zacar\u00edas Paz y el secretario de turismo y cultura de Morelia, Enrique Rivera Ru\u00edz, quienes acompa\u00f1aron al edil capitalino a un recorrido y a saludar a los artesanos instalados en la Plaza Valladolid de Morelia.<\/p>\n","protected":false},"excerpt":{"rendered":"<p>Al inaugurar  la Muestra Artesanal, Cultural y Gastron\u00f3mica de Cher\u00e1n en Morelia 2014, el presidente municipal de Morelia, Wilfrido L\u00e1zaro Medina, llam\u00f3 a los asistentes a hacer turismo en nuestro estado, planeando sus pr\u00f3ximas vacaciones a alg\u00fan lugar de Michoac\u00e1n.<\/p>\n","protected":false},"author":1,"featured_media":9308,"comment_status":"open","ping_status":"open","sticky":false,"template":"","format":"standard","meta":{"footnotes":""},"categories":[1],"tags":[],"class_list":["post-9307","post","type-post","status-publish","format-standard","has-post-thumbnail","hentry","category-sin-categoria"],"_links":{"self":[{"href":"https:\/\/radiowebmx.com\/nota\/wp-json\/wp\/v2\/posts\/9307","targetHints":{"allow":["GET"]}}],"collection":[{"href":"https:\/\/radiowebmx.com\/nota\/wp-json\/wp\/v2\/posts"}],"about":[{"href":"https:\/\/radiowebmx.com\/nota\/wp-json\/wp\/v2\/types\/post"}],"author":[{"embeddable":true,"href":"https:\/\/radiowebmx.com\/nota\/wp-json\/wp\/v2\/users\/1"}],"replies":[{"embeddable":true,"href":"https:\/\/radiowebmx.com\/nota\/wp-json\/wp\/v2\/comments?post=9307"}],"version-history":[{"count":1,"href":"https:\/\/radiowebmx.com\/nota\/wp-json\/wp\/v2\/posts\/9307\/revisions"}],"predecessor-version":[{"id":9309,"href":"https:\/\/radiowebmx.com\/nota\/wp-json\/wp\/v2\/posts\/9307\/revisions\/9309"}],"wp:featuredmedia":[{"embeddable":true,"href":"https:\/\/radiowebmx.com\/nota\/wp-json\/wp\/v2\/media\/9308"}],"wp:attachment":[{"href":"https:\/\/radiowebmx.com\/nota\/wp-json\/wp\/v2\/media?parent=9307"}],"wp:term":[{"taxonomy":"category","embeddable":true,"href":"https:\/\/radiowebmx.com\/nota\/wp-json\/wp\/v2\/categories?post=9307"},{"taxonomy":"post_tag","embeddable":true,"href":"https:\/\/radiowebmx.com\/nota\/wp-json\/wp\/v2\/tags?post=9307"}],"curies":[{"name":"wp","href":"https:\/\/api.w.org\/{rel}","templated":true}]}}