{"id":9303,"date":"2014-08-18T12:59:25","date_gmt":"2014-08-18T17:59:25","guid":{"rendered":"https:\/\/radiowebmx.com\/nota\/?p=9303"},"modified":"2014-08-18T12:59:25","modified_gmt":"2014-08-18T17:59:25","slug":"mas-de-45-mil-estudiantes-formara-el-cobaem-durante-este-nuevo-ciclo-escolar","status":"publish","type":"post","link":"https:\/\/radiowebmx.com\/nota\/mas-de-45-mil-estudiantes-formara-el-cobaem-durante-este-nuevo-ciclo-escolar\/","title":{"rendered":"M\u00c1S DE 45 MIL ESTUDIANTES FORMAR\u00c1 EL COBAEM DURANTE ESTE NUEVO CICLO ESCOLAR"},"content":{"rendered":"<p><a href=\"https:\/\/radiowebmx.com\/nota\/wp-content\/uploads\/2014\/08\/DSC02115.jpg\"><img loading=\"lazy\" decoding=\"async\" class=\"alignleft size-full wp-image-9304\" alt=\"DSC02115\" src=\"https:\/\/radiowebmx.com\/nota\/wp-content\/uploads\/2014\/08\/DSC02115.jpg\" width=\"591\" height=\"299\" srcset=\"https:\/\/radiowebmx.com\/nota\/wp-content\/uploads\/2014\/08\/DSC02115.jpg 591w, https:\/\/radiowebmx.com\/nota\/wp-content\/uploads\/2014\/08\/DSC02115-300x151.jpg 300w\" sizes=\"auto, (max-width: 591px) 100vw, 591px\" \/><\/a>Tras concluir el periodo de asueto de verano, poco m\u00e1s de 45 mil j\u00f3venes de todo el estado\u00a0 cursar\u00e1n el ciclo escolar 2014-2015 en los 123 Centros Educativos del Colegio de Bachilleres de Michoac\u00e1n (Cobaem).<\/p>\n<p>Este subsistema educativo de nivel Medio Superior ser\u00e1 el encargado de\u00a0 atender a los j\u00f3venes en esta etapa de sus vidas, motiv\u00e1ndolos para continuar con su preparaci\u00f3n profesional.<\/p>\n<p>El director general del Colegio de Bachilleres, Antonio Zaragoza Michel, llam\u00f3 a los docentes a fomentar el inter\u00e9s en cada asignatura, as\u00ed como a trabajar activamente en proyectos transversales e integradores para evidenciar las competencias desarrolladas.<\/p>\n<p>\u201cAl formar parte de esta instituci\u00f3n, ingresan a una familia acad\u00e9mica en la que compartir\u00e1n los objetivos, anhelos y sue\u00f1os, pero tambi\u00e9n retos y responsabilidades que de manera conjunta alcanzaremos para coronar este esfuerzo com\u00fan&#8221;, puntualiz\u00f3 Zaragoza Michel.<\/p>\n<p>Durante el ciclo escolar 2013-2014, el Cobaem obtuvo importantes logros acad\u00e9micos a nivel nacional y este nuevo ciclo escolar no ser\u00e1 la excepci\u00f3n, ya que directivos, docentes, as\u00ed como personal administrativo, reciben capacitaciones y actualizaciones constantes a trav\u00e9s de diversos cursos, para brindar una mejor formaci\u00f3n a los bachilleres michoacanos.<\/p>\n<p>Cabe precisar que este lunes inician su curso proped\u00e9utico los estudiantes del primer semestre; en tanto que ser\u00e1 hasta el 25 de agosto cuando se integre el resto del alumnado.<\/p>\n<p>El Cobaem oferta dos modelos educativos: escolarizado y no escolarizado con opciones virtual y mixta. Es una instituci\u00f3n valiosa ya que sus planteles se ubican en su mayor\u00eda, en ciudades y poblaciones donde no existe otra escuela que contribuya a brindar oportunidades de estudio a los j\u00f3venes del nivel Medio Superior, con un plan de estudios autorizado de acuerdo al Sistema Nacional del Bachillerato.<\/p>\n","protected":false},"excerpt":{"rendered":"<p>Tras concluir el periodo de asueto de verano, poco m\u00e1s de 45 mil j\u00f3venes de todo el estado  cursar\u00e1n el ciclo escolar 2014-2015 en los 123 Centros Educativos del Colegio de Bachilleres de Michoac\u00e1n (Cobaem).<\/p>\n","protected":false},"author":1,"featured_media":9304,"comment_status":"open","ping_status":"open","sticky":false,"template":"","format":"standard","meta":{"footnotes":""},"categories":[14,3],"tags":[],"class_list":["post-9303","post","type-post","status-publish","format-standard","has-post-thumbnail","hentry","category-destacadas","category-gobierno-del-estado-de-michoacan"],"_links":{"self":[{"href":"https:\/\/radiowebmx.com\/nota\/wp-json\/wp\/v2\/posts\/9303","targetHints":{"allow":["GET"]}}],"collection":[{"href":"https:\/\/radiowebmx.com\/nota\/wp-json\/wp\/v2\/posts"}],"about":[{"href":"https:\/\/radiowebmx.com\/nota\/wp-json\/wp\/v2\/types\/post"}],"author":[{"embeddable":true,"href":"https:\/\/radiowebmx.com\/nota\/wp-json\/wp\/v2\/users\/1"}],"replies":[{"embeddable":true,"href":"https:\/\/radiowebmx.com\/nota\/wp-json\/wp\/v2\/comments?post=9303"}],"version-history":[{"count":2,"href":"https:\/\/radiowebmx.com\/nota\/wp-json\/wp\/v2\/posts\/9303\/revisions"}],"predecessor-version":[{"id":9306,"href":"https:\/\/radiowebmx.com\/nota\/wp-json\/wp\/v2\/posts\/9303\/revisions\/9306"}],"wp:featuredmedia":[{"embeddable":true,"href":"https:\/\/radiowebmx.com\/nota\/wp-json\/wp\/v2\/media\/9304"}],"wp:attachment":[{"href":"https:\/\/radiowebmx.com\/nota\/wp-json\/wp\/v2\/media?parent=9303"}],"wp:term":[{"taxonomy":"category","embeddable":true,"href":"https:\/\/radiowebmx.com\/nota\/wp-json\/wp\/v2\/categories?post=9303"},{"taxonomy":"post_tag","embeddable":true,"href":"https:\/\/radiowebmx.com\/nota\/wp-json\/wp\/v2\/tags?post=9303"}],"curies":[{"name":"wp","href":"https:\/\/api.w.org\/{rel}","templated":true}]}}