{"id":9300,"date":"2014-08-18T12:45:01","date_gmt":"2014-08-18T17:45:01","guid":{"rendered":"https:\/\/radiowebmx.com\/nota\/?p=9300"},"modified":"2014-08-18T12:45:01","modified_gmt":"2014-08-18T17:45:01","slug":"crean-primer-observatorio-estudiantil-en-lazaro-cardenas","status":"publish","type":"post","link":"https:\/\/radiowebmx.com\/nota\/crean-primer-observatorio-estudiantil-en-lazaro-cardenas\/","title":{"rendered":"CREAN PRIMER OBSERVATORIO ESTUDIANTIL EN L\u00c1ZARO C\u00c1RDENAS"},"content":{"rendered":"<p>Tal como lo anunci\u00f3 el gobernador Salvador Jara Guerrero y como parte de las acciones para ciudadanizar la fiscalizaci\u00f3n de los recursos, la Coordinaci\u00f3n de Contralor\u00eda del Estado (Cocoem) y la Universidad Polit\u00e9cnica de L\u00e1zaro C\u00e1rdenas, unieron sus esfuerzos para crear en dicha instituci\u00f3n el Primer Observatorio Estudiantil a nivel de j\u00f3venes estudiantes de nivel medio superior.<\/p>\n<p>Durante el taller\u00a0 &#8220;Observatorios Estudiantiles&#8221; impartido a 120 j\u00f3venes de la comunidad universitaria y que tuvo una duraci\u00f3n de 90 minutos,\u00a0 el contralor del estado, Gabriel Joaqu\u00edn Montiel Aguilar, manifest\u00f3 a los asistentes la importancia\u00a0 que tiene para el Gobierno de Michoac\u00e1n la participaci\u00f3n ciudadana a trav\u00e9s de la contralor\u00eda social, pero principalmente que los j\u00f3venes se involucren en la detecci\u00f3n de actos y condiciones que puedan afectar el buen funcionamiento de los servicios que est\u00e1 obligado a prestar el gobierno a los ciudadanos.<\/p>\n<p>Pidi\u00f3 a los j\u00f3venes estudiantes \u201cque recobremos nuestra cultura y tradiciones que ponderan los valores y principios \u00e9ticos que nos permiten vivir en armon\u00eda. Honestidad, legalidad, transparencia y rendici\u00f3n de cuentas, son los objetivos que deben prevalecer para erradicar pr\u00e1cticas nocivas que nos da\u00f1an como sociedad\u201d.<\/p>\n<p>El contralor agradeci\u00f3 al rector de la Universidad Polit\u00e9cnica de L\u00e1zaro C\u00e1rdenas, Francisco Hern\u00e1ndez Rivera el brindar las facilidades para llevar a cabo la capacitaci\u00f3n y formaci\u00f3n del primer Observatorio Estudiantil en el estado, el cual\u00a0 qued\u00f3 constituido de esta manera:<\/p>\n<p>Presidente: Nancy Deyanira Ramos Solorio<\/p>\n<p>Secretario: Gabriel Santiago N\u00fa\u00f1ez Arriola<\/p>\n<p>Vocales:\u00a0 \u00a0Ferm\u00edn Campos Echeverr\u00eda<\/p>\n<p>Paola Infante Ayala<\/p>\n<p>Mar\u00eda Lourdes L\u00f3pez Balanzar<\/p>\n<p>Carlos Sandoval Mart\u00ednez<\/p>\n<p>Zuleima Sarah\u00ed Carbajal Osorio<\/p>\n<p>Perla Aide\u00e9 Nieves Garc\u00eda<\/p>\n<p>Karina Herlinda Campos Echeverr\u00eda<\/p>\n<p>&nbsp;<\/p>\n<p>Estos j\u00f3venes representar\u00e1n a la comunidad estudiantil de la Universidad Polit\u00e9cnica de L\u00e1zaro C\u00e1rdenas y continuar\u00e1n recibiendo la capacitaci\u00f3n que los acredite posteriormente como Contralores Ciudadanos, siguiente etapa del proyecto de un Gobierno Transparente y Ciudadano que ha ofrecido el gobernador Salvador Jara a la sociedad michoacana.<\/p>\n<p>Fueron testigos de esta instalaci\u00f3n, el responsable del Departamento de Vinculaci\u00f3n Universitaria, Luis Fernando Hern\u00e1ndez D\u00edaz; el secretario acad\u00e9mico Enrique Cort\u00e9s Tamayo; el representante del Ayuntamiento de L\u00e1zaro C\u00e1rdenas\u00a0y director de Coplademun, Jon\u00e1s Garc\u00eda Delgadillo y el contralor municipal No\u00e9 Bustos Bustos.<\/p>\n","protected":false},"excerpt":{"rendered":"<p>Tal como lo anunci\u00f3 el gobernador Salvador Jara Guerrero y como parte de las acciones para ciudadanizar la fiscalizaci\u00f3n de los recursos, la Coordinaci\u00f3n de Contralor\u00eda del Estado (Cocoem) y la Universidad Polit\u00e9cnica de L\u00e1zaro C\u00e1rdenas, <\/p>\n","protected":false},"author":1,"featured_media":0,"comment_status":"open","ping_status":"open","sticky":false,"template":"","format":"standard","meta":{"footnotes":""},"categories":[3],"tags":[],"class_list":["post-9300","post","type-post","status-publish","format-standard","hentry","category-gobierno-del-estado-de-michoacan"],"_links":{"self":[{"href":"https:\/\/radiowebmx.com\/nota\/wp-json\/wp\/v2\/posts\/9300","targetHints":{"allow":["GET"]}}],"collection":[{"href":"https:\/\/radiowebmx.com\/nota\/wp-json\/wp\/v2\/posts"}],"about":[{"href":"https:\/\/radiowebmx.com\/nota\/wp-json\/wp\/v2\/types\/post"}],"author":[{"embeddable":true,"href":"https:\/\/radiowebmx.com\/nota\/wp-json\/wp\/v2\/users\/1"}],"replies":[{"embeddable":true,"href":"https:\/\/radiowebmx.com\/nota\/wp-json\/wp\/v2\/comments?post=9300"}],"version-history":[{"count":2,"href":"https:\/\/radiowebmx.com\/nota\/wp-json\/wp\/v2\/posts\/9300\/revisions"}],"predecessor-version":[{"id":9302,"href":"https:\/\/radiowebmx.com\/nota\/wp-json\/wp\/v2\/posts\/9300\/revisions\/9302"}],"wp:attachment":[{"href":"https:\/\/radiowebmx.com\/nota\/wp-json\/wp\/v2\/media?parent=9300"}],"wp:term":[{"taxonomy":"category","embeddable":true,"href":"https:\/\/radiowebmx.com\/nota\/wp-json\/wp\/v2\/categories?post=9300"},{"taxonomy":"post_tag","embeddable":true,"href":"https:\/\/radiowebmx.com\/nota\/wp-json\/wp\/v2\/tags?post=9300"}],"curies":[{"name":"wp","href":"https:\/\/api.w.org\/{rel}","templated":true}]}}