{"id":9281,"date":"2014-08-18T11:27:26","date_gmt":"2014-08-18T16:27:26","guid":{"rendered":"https:\/\/radiowebmx.com\/nota\/?p=9281"},"modified":"2014-08-18T11:28:24","modified_gmt":"2014-08-18T16:28:24","slug":"a-dos-anos-de-gobierno-morelia-contara-con-alberca-olimpica-de-primer-nivel","status":"publish","type":"post","link":"https:\/\/radiowebmx.com\/nota\/a-dos-anos-de-gobierno-morelia-contara-con-alberca-olimpica-de-primer-nivel\/","title":{"rendered":"A DOS A\u00d1OS DE GOBIERNO, MORELIA CONTAR\u00c1 CON ALBERCA OL\u00cdMPICA DE PRIMER NIVEL"},"content":{"rendered":"<p><a href=\"https:\/\/radiowebmx.com\/nota\/wp-content\/uploads\/2014\/08\/alberca.jpg\"><img loading=\"lazy\" decoding=\"async\" class=\"alignleft size-full wp-image-9282\" alt=\"alberca\" src=\"https:\/\/radiowebmx.com\/nota\/wp-content\/uploads\/2014\/08\/alberca.jpg\" width=\"591\" height=\"273\" srcset=\"https:\/\/radiowebmx.com\/nota\/wp-content\/uploads\/2014\/08\/alberca.jpg 591w, https:\/\/radiowebmx.com\/nota\/wp-content\/uploads\/2014\/08\/alberca-300x138.jpg 300w\" sizes=\"auto, (max-width: 591px) 100vw, 591px\" \/><\/a>A dos a\u00f1os de asumir la presidencia de Morelia y realizar acciones sin precedentes en materia deportiva, el profesor Wilfrido L\u00e1zaro Medina logr\u00f3 gestionar, a trav\u00e9s del Instituto Municipal de Cultura F\u00edsica y Deporte (IMDE), los recursos necesarios para la construcci\u00f3n de una alberca ol\u00edmpica en la Unidad Deportiva Morelos-Indeco.<\/p>\n<p>&nbsp;<\/p>\n<p>Adem\u00e1s de ser requisito fundamental para que Morelia obtuviera la sede del 7\u00b0 Campeonato Mundial de Nataci\u00f3n para Personas con S\u00edndrome de Down, el cual tendr\u00e1 lugar en el mes de noviembre pr\u00f3ximo, esta alberca ser\u00e1 la primera en su tipo de toda Latinoam\u00e9rica, al ser completamente de acero inoxidable.<b><\/b><\/p>\n<p>&nbsp;<\/p>\n<p>La obra inici\u00f3 en enero del a\u00f1o en curso y cuenta con una inversi\u00f3n federal por el orden de los 72 millones de pesos, aportados por la Comisi\u00f3n Nacional de Cultura F\u00edsica y Deporte (Conade).<\/p>\n<p>&nbsp;<\/p>\n<p>El Complejo Acu\u00e1tico Morelos-Indeco ya est\u00e1 avalado por la Federaci\u00f3n Internacional de Nataci\u00f3n (FINA) y ser\u00e1 uno de los m\u00e1s completos y mejor equipados de M\u00e9xico, al contar con una dimensi\u00f3n de 50 metros de largo, por 25\u00a0\u00a0de ancho y 2.5 de profundidad (medidas de una alberca ol\u00edmpica); una mirilla para observar el nado por debajo del agua, paredes m\u00f3viles, con las cuales la alberca podr\u00e1 dividirse en 2 partes de 25 metros de largo, carriles anti turbulentos, bancos de salida, sistema electr\u00f3nico para competencia, adem\u00e1s de diez plataformas, placas y l\u00edneas para resultados y seis relojes de paso digital.<\/p>\n<p>&nbsp;<\/p>\n<p>El vaso prefabricado ser\u00e1 de acero inoxidable y el primero en su tipo en toda Am\u00e9rica Latina. Actualmente ya se culmin\u00f3 con la primera etapa y se trabaja en la segunda, la cual culminar\u00e1 como fecha l\u00edmite en el mes de octubre.<\/p>\n<p>&nbsp;<\/p>\n<p>Aunado a lo anterior, se realizar\u00e1n obras complementarias al Complejo Acu\u00e1tico, como ser\u00e1n la plaza de las banderas, que servir\u00e1 para la recepci\u00f3n de las delegaciones; el acceso principal a la alberca, en donde se encuentra una placa conmemorativa y el \u00e1rbol de la \u201cDown Syndrome International Swimming Organization (DSISO)\u201d, como s\u00edmbolo de la paz y armon\u00eda; as\u00ed como la rehabilitaci\u00f3n del \u00e1rea de convivencia y m\u00f3dulo de sanitarios, para hacer de toda la Unidad Deportiva un escenario digno de la competencia internacional que se avecina.<\/p>\n<p>&nbsp;<\/p>\n<p>El impacto para los habitantes de la zona sur de la ciudad ser\u00e1 de igual manera importante al ser la primera alberca ol\u00edmpica edificada en este sector y por lo mismo, se espera un incremento importante en el n\u00famero de usuarios de la Unidad Deportiva, la cual, bajo condiciones normales, cuenta con un flujo diario de mil 500 personas, n\u00famero que probablemente se duplicar\u00e1 gracias a este nuevo Complejo Acu\u00e1tico.<\/p>\n","protected":false},"excerpt":{"rendered":"<p>A dos a\u00f1os de asumir la presidencia de Morelia y realizar acciones sin precedentes en materia deportiva, el profesor Wilfrido L\u00e1zaro Medina logr\u00f3 gestionar, a trav\u00e9s del Instituto Municipal de Cultura F\u00edsica y Deporte (IMDE), <\/p>\n","protected":false},"author":1,"featured_media":9282,"comment_status":"open","ping_status":"open","sticky":false,"template":"","format":"standard","meta":{"footnotes":""},"categories":[14,3],"tags":[],"class_list":["post-9281","post","type-post","status-publish","format-standard","has-post-thumbnail","hentry","category-destacadas","category-gobierno-del-estado-de-michoacan"],"_links":{"self":[{"href":"https:\/\/radiowebmx.com\/nota\/wp-json\/wp\/v2\/posts\/9281","targetHints":{"allow":["GET"]}}],"collection":[{"href":"https:\/\/radiowebmx.com\/nota\/wp-json\/wp\/v2\/posts"}],"about":[{"href":"https:\/\/radiowebmx.com\/nota\/wp-json\/wp\/v2\/types\/post"}],"author":[{"embeddable":true,"href":"https:\/\/radiowebmx.com\/nota\/wp-json\/wp\/v2\/users\/1"}],"replies":[{"embeddable":true,"href":"https:\/\/radiowebmx.com\/nota\/wp-json\/wp\/v2\/comments?post=9281"}],"version-history":[{"count":3,"href":"https:\/\/radiowebmx.com\/nota\/wp-json\/wp\/v2\/posts\/9281\/revisions"}],"predecessor-version":[{"id":9285,"href":"https:\/\/radiowebmx.com\/nota\/wp-json\/wp\/v2\/posts\/9281\/revisions\/9285"}],"wp:featuredmedia":[{"embeddable":true,"href":"https:\/\/radiowebmx.com\/nota\/wp-json\/wp\/v2\/media\/9282"}],"wp:attachment":[{"href":"https:\/\/radiowebmx.com\/nota\/wp-json\/wp\/v2\/media?parent=9281"}],"wp:term":[{"taxonomy":"category","embeddable":true,"href":"https:\/\/radiowebmx.com\/nota\/wp-json\/wp\/v2\/categories?post=9281"},{"taxonomy":"post_tag","embeddable":true,"href":"https:\/\/radiowebmx.com\/nota\/wp-json\/wp\/v2\/tags?post=9281"}],"curies":[{"name":"wp","href":"https:\/\/api.w.org\/{rel}","templated":true}]}}