{"id":9277,"date":"2014-08-18T11:24:21","date_gmt":"2014-08-18T16:24:21","guid":{"rendered":"https:\/\/radiowebmx.com\/nota\/?p=9277"},"modified":"2014-08-18T11:24:21","modified_gmt":"2014-08-18T16:24:21","slug":"llega-el-cine-movil-del-ayuntamiento-de-morelia-a-villas-del-pedregal","status":"publish","type":"post","link":"https:\/\/radiowebmx.com\/nota\/llega-el-cine-movil-del-ayuntamiento-de-morelia-a-villas-del-pedregal\/","title":{"rendered":"LLEGA EL CINE M\u00d3VIL DEL AYUNTAMIENTO DE MORELIA A VILLAS DEL PEDREGAL"},"content":{"rendered":"<p><a href=\"https:\/\/radiowebmx.com\/nota\/wp-content\/uploads\/2014\/08\/cine-011.jpg\"><img loading=\"lazy\" decoding=\"async\" class=\"alignleft size-full wp-image-9279\" alt=\"cine 01\" src=\"https:\/\/radiowebmx.com\/nota\/wp-content\/uploads\/2014\/08\/cine-011.jpg\" width=\"591\" height=\"334\" srcset=\"https:\/\/radiowebmx.com\/nota\/wp-content\/uploads\/2014\/08\/cine-011.jpg 591w, https:\/\/radiowebmx.com\/nota\/wp-content\/uploads\/2014\/08\/cine-011-300x169.jpg 300w, https:\/\/radiowebmx.com\/nota\/wp-content\/uploads\/2014\/08\/cine-011-128x72.jpg 128w\" sizes=\"auto, (max-width: 591px) 100vw, 591px\" \/><\/a>En una acci\u00f3n m\u00e1s que fomenta la reconstrucci\u00f3n del tejido social y una sana convivencia entre vecinos, el Ayuntamiento de Morelia en Suma de Voluntades con el Gobierno de la Rep\u00fablica llevaron a los habitantes del Fraccionamiento Villas del Pedregal el Programa Cine M\u00f3vil.<\/p>\n<p>&nbsp;<\/p>\n<p>A trav\u00e9s de la Comisi\u00f3n Federal de Electricidad, se instalaron dos macro pantallas en las que m\u00e1s de 4 mil personas, entre ellas cientos de familias, disfrutaron de la pel\u00edcula Rio 2, acompa\u00f1ada con palomitas y bebidas que hicieron sentir a los presentes como en una gran sala de cine.<\/p>\n<p>&nbsp;<\/p>\n<p>El presidente municipal de Morelia, Wilfrido L\u00e1zaro Medina, acompa\u00f1ado por la senadora de la Rep\u00fablica, Roc\u00edo Pineda Gochi y los diputados federales Eligio Cuitl\u00e1huac Gonz\u00e1lez y Ernesto N\u00fa\u00f1ez Aguilar, celebraron la unidad familiar demostrada en este convivio \u201cel presidente Enrique Pe\u00f1a Nieto quiere mucho a Morelia y sigue trabajando conjuntamente con los morelianos para mejorar su calidad de vida\u201d, resalt\u00f3 el presidente.<\/p>\n<p>&nbsp;<\/p>\n<p>Acompa\u00f1ado adem\u00e1s por su esposa Margarita Oribio de L\u00e1zaro y parte de su gabinete de trabajo, el edil de la comuna anunci\u00f3 la celebraci\u00f3n de 14 funciones m\u00e1s del Cine M\u00f3vil en el mismo n\u00famero de colonias y comunidades rurales de Morelia.<\/p>\n<p>&nbsp;<\/p>\n<p>Mediante la Secretar\u00eda de Desarrollo Social y el sistema DIF Morelia, hasta el momento se han ofrecido 17 funciones llegando a tenencias como Chiquimit\u00edo y Capula as\u00ed como la colonia Primo Tapia, entre otras.<\/p>\n<p>&nbsp;<\/p>\n<p>Con la representaci\u00f3n de la Comisi\u00f3n Federal de Electricidad (CFE), Horacio Camacho Medina inform\u00f3 que el gobierno de M\u00e9xico continua con inversiones importantes en beneficio de Morelia, y adelant\u00f3 la construcci\u00f3n de una sub estaci\u00f3n en la zona poniente de la ciudad, que llevar\u00e1 electricidad a 30 mil casas m\u00e1s.<\/p>\n<p>&nbsp;<\/p>\n<p>Como estas, refiri\u00f3 que a\u00fan est\u00e1n contemplada 78 obras de electrificaci\u00f3n m\u00e1s para Morelia, mismas que dar\u00e1n respuesta a los requerimientos del servicio por parte de la ciudadan\u00eda.<\/p>\n","protected":false},"excerpt":{"rendered":"<p>En una acci\u00f3n m\u00e1s que fomenta la reconstrucci\u00f3n del tejido social y una sana convivencia entre vecinos, el Ayuntamiento de Morelia en Suma de Voluntades con el Gobierno de la Rep\u00fablica llevaron a los habitantes del Fraccionamiento Villas del Pedregal el Programa Cine M\u00f3vil.<\/p>\n","protected":false},"author":1,"featured_media":9278,"comment_status":"open","ping_status":"open","sticky":false,"template":"","format":"standard","meta":{"footnotes":""},"categories":[14,9],"tags":[],"class_list":["post-9277","post","type-post","status-publish","format-standard","has-post-thumbnail","hentry","category-destacadas","category-morelia"],"_links":{"self":[{"href":"https:\/\/radiowebmx.com\/nota\/wp-json\/wp\/v2\/posts\/9277","targetHints":{"allow":["GET"]}}],"collection":[{"href":"https:\/\/radiowebmx.com\/nota\/wp-json\/wp\/v2\/posts"}],"about":[{"href":"https:\/\/radiowebmx.com\/nota\/wp-json\/wp\/v2\/types\/post"}],"author":[{"embeddable":true,"href":"https:\/\/radiowebmx.com\/nota\/wp-json\/wp\/v2\/users\/1"}],"replies":[{"embeddable":true,"href":"https:\/\/radiowebmx.com\/nota\/wp-json\/wp\/v2\/comments?post=9277"}],"version-history":[{"count":1,"href":"https:\/\/radiowebmx.com\/nota\/wp-json\/wp\/v2\/posts\/9277\/revisions"}],"predecessor-version":[{"id":9280,"href":"https:\/\/radiowebmx.com\/nota\/wp-json\/wp\/v2\/posts\/9277\/revisions\/9280"}],"wp:featuredmedia":[{"embeddable":true,"href":"https:\/\/radiowebmx.com\/nota\/wp-json\/wp\/v2\/media\/9278"}],"wp:attachment":[{"href":"https:\/\/radiowebmx.com\/nota\/wp-json\/wp\/v2\/media?parent=9277"}],"wp:term":[{"taxonomy":"category","embeddable":true,"href":"https:\/\/radiowebmx.com\/nota\/wp-json\/wp\/v2\/categories?post=9277"},{"taxonomy":"post_tag","embeddable":true,"href":"https:\/\/radiowebmx.com\/nota\/wp-json\/wp\/v2\/tags?post=9277"}],"curies":[{"name":"wp","href":"https:\/\/api.w.org\/{rel}","templated":true}]}}