{"id":923,"date":"2013-01-22T11:26:36","date_gmt":"2013-01-22T17:26:36","guid":{"rendered":"https:\/\/radiowebmx.com\/nota\/?p=923"},"modified":"2013-01-22T11:26:36","modified_gmt":"2013-01-22T17:26:36","slug":"maggi-oribio-visita-el-cecade-de-la-colonia-del-porvenir","status":"publish","type":"post","link":"https:\/\/radiowebmx.com\/nota\/maggi-oribio-visita-el-cecade-de-la-colonia-del-porvenir\/","title":{"rendered":"MAGGI ORIBIO VISITA EL CECADE DE LA COLONIA DEL PORVENIR"},"content":{"rendered":"<p><img loading=\"lazy\" decoding=\"async\" class=\"alignnone\" src=\"http:\/\/img405.imageshack.us\/img405\/3841\/visitaelcecade1.jpg\" alt=\"\" width=\"591\" height=\"315\" \/><\/p>\n<pre>Con el prop\u00f3sito de conocer las\r\nnecesidades de los ni\u00f1os que acuden con sus padres al Centro de\r\nCapacitaci\u00f3n y Desarrollo de la colonia Ampliaci\u00f3n del Porvenir, la\r\nPresidenta del Sistema DIF municipal Maggi Oribio de L\u00e1zaro visit\u00f3 las\r\ninstalaciones de dicho centro, donde destac\u00f3 que una sociedad no\r\nsolamente se forma de demandas sino tambi\u00e9n de aportaciones y ahora es\r\ntiempo de aportar para construir grandes obras.\r\n\r\nAcompa\u00f1ada por el Director de la mencionada dependencia municipal\r\nCarlos Hern\u00e1ndez L\u00f3pez recorrieron la estancia infantil y las\r\ninstalaciones del CECADE donde la Sra. Siomara Alcantar encargada de\r\nla instituci\u00f3n enfatiz\u00f3 que la gente es la que da vida a estos centros\r\nque proporcionan a los padres de familia las herramientas necesarias\r\npara lograr auto emplearse y aspirar a un mejor nivel de ingresos,\r\nmientras sus hijos son cuidados por personal capacitado.\r\n\r\nLa Sra. Maggi Oribio, escuch\u00f3 con atenci\u00f3n las peticiones tanto del\r\npersonal que atiende el centro como de las personas que asisten a\r\ntomar alg\u00fan taller mencionando que estar\u00e1 al pendiente de dar\r\nrespuesta a todas las solicitudes exhort\u00e1ndolos a seguir adelante con\r\nsu capacitaci\u00f3n la que seguramente les servir\u00e1 para mejorar en todos\r\nlos sentidos.\r\n\r\nY agreg\u00f3 que es prioridad para el Presidente Municipal Wilfrido L\u00e1zaro\r\nMedina impulsar estas acciones en coordinaci\u00f3n con el Sistema DIF\r\nmunicipal para enriquecer la atenci\u00f3n que prestan a la ciudadan\u00eda\r\nestos centros, \u201ccon la ayuda de todos y la suma de voluntades poder\r\ncontar con m\u00e1s centros de capacitaci\u00f3n para el trabajo donde tengan\r\nla opci\u00f3n de tener a sus hijos en un lugar seguro que les d\u00e9\r\ntranquilidad y puedan tomar sus clases\u201d a\u00f1adi\u00f3.\r\n\r\nEn el Cecade que se encuentra ubicado en una de las colonias m\u00e1s\r\npopulares de la ciudad se imparten talleres de artes marciales,\r\nm\u00fasica, cosmetolog\u00eda, estilista, corte y confecci\u00f3n, entre otros.<\/pre>\n","protected":false},"excerpt":{"rendered":"<p>Con el prop\u00f3sito de conocer las<br \/>\nnecesidades de los ni\u00f1os que acuden con sus padres al Centro de<br \/>\nCapacitaci\u00f3n y Desarrollo de la colonia Ampliaci\u00f3n del Porvenir, la<br \/>\nPresidenta del Sistema DIF municipal Maggi Oribio de L\u00e1zaro visit\u00f3 las<br \/>\ninstalaciones de dicho centro, donde destac\u00f3 que una sociedad no<br \/>\nsolamente se forma de demandas sino tambi\u00e9n de aportaciones y ahora es<br \/>\ntiempo de aportar para construir grandes obras.<\/p>\n","protected":false},"author":1,"featured_media":0,"comment_status":"open","ping_status":"open","sticky":false,"template":"","format":"standard","meta":{"footnotes":""},"categories":[9],"tags":[],"class_list":["post-923","post","type-post","status-publish","format-standard","hentry","category-morelia"],"_links":{"self":[{"href":"https:\/\/radiowebmx.com\/nota\/wp-json\/wp\/v2\/posts\/923","targetHints":{"allow":["GET"]}}],"collection":[{"href":"https:\/\/radiowebmx.com\/nota\/wp-json\/wp\/v2\/posts"}],"about":[{"href":"https:\/\/radiowebmx.com\/nota\/wp-json\/wp\/v2\/types\/post"}],"author":[{"embeddable":true,"href":"https:\/\/radiowebmx.com\/nota\/wp-json\/wp\/v2\/users\/1"}],"replies":[{"embeddable":true,"href":"https:\/\/radiowebmx.com\/nota\/wp-json\/wp\/v2\/comments?post=923"}],"version-history":[{"count":1,"href":"https:\/\/radiowebmx.com\/nota\/wp-json\/wp\/v2\/posts\/923\/revisions"}],"predecessor-version":[{"id":924,"href":"https:\/\/radiowebmx.com\/nota\/wp-json\/wp\/v2\/posts\/923\/revisions\/924"}],"wp:attachment":[{"href":"https:\/\/radiowebmx.com\/nota\/wp-json\/wp\/v2\/media?parent=923"}],"wp:term":[{"taxonomy":"category","embeddable":true,"href":"https:\/\/radiowebmx.com\/nota\/wp-json\/wp\/v2\/categories?post=923"},{"taxonomy":"post_tag","embeddable":true,"href":"https:\/\/radiowebmx.com\/nota\/wp-json\/wp\/v2\/tags?post=923"}],"curies":[{"name":"wp","href":"https:\/\/api.w.org\/{rel}","templated":true}]}}