{"id":917,"date":"2013-01-22T11:11:55","date_gmt":"2013-01-22T17:11:55","guid":{"rendered":"https:\/\/radiowebmx.com\/nota\/?p=917"},"modified":"2013-01-22T11:18:59","modified_gmt":"2013-01-22T17:18:59","slug":"jovenes-morelianos-se-integran-a-labores-del-ijum-por-un-morelia-verde","status":"publish","type":"post","link":"https:\/\/radiowebmx.com\/nota\/jovenes-morelianos-se-integran-a-labores-del-ijum-por-un-morelia-verde\/","title":{"rendered":"J\u00d3VENES MORELIANOS SE INTEGRAN A LABORES DEL IJUM POR UN \u201cMORELIA VERDE\u201d"},"content":{"rendered":"<p><span style=\"font-size: medium;\"><img loading=\"lazy\" decoding=\"async\" class=\"alignnone\" src=\"http:\/\/img850.imageshack.us\/img850\/3883\/jornadaverde.jpg\" alt=\"\" width=\"591\" height=\"266\" \/>Los j\u00f3venes de Morelia, preocupados por el cuidado del medio ambiente se sumaron al proyecto \u201cProtegiendo Nuestros \u00c1rboles y \u00c1reas Verdes de Morelia\u201d, que promueve el Ayuntamiento a trav\u00e9s del Instituto de la Juventud Moreliana actividad tendiente a fortalecer las acciones para que la poblaci\u00f3n pueda acceder a una\u00a0\u00a0mejor calidad de vida y consolidar un Morelia Verde.\u00a0\u00a0<\/span><\/p>\n<p><span style=\"font-size: medium;\">J\u00f3venes de diversas organizaciones e instituciones educativas\u00a0\u00a0acudieron al llamado del IJUM\u00a0\u00a0para realizar labores de limpieza y pinta de \u00e1rboles en la avenida Ju\u00e1rez, pulm\u00f3n importante de la ciudad; alumnos de la Secundaria T\u00e9cnica No. 3, la secundaria federal n\u00famero 2 e Integrantes de asociaciones civiles tales como \u201cX 1 Michoac\u00e1n con Futuro\u201d, \u201cIIDEA\u201d, \u201cPasi\u00f3n Nicolaita\u201d e Integrantes del FJR Municipal; todos ellos con una misma intensi\u00f3n, contribuir al cuidado del medio ambiente de su ciudad.<\/span><\/p>\n<p><span style=\"font-size: medium;\">Al respecto Pablo Cesar S\u00e1nchez Silva Director del Instituto de la Juventud Moreliana, IJUM,\u00a0\u00a0reconoci\u00f3 que \u201cPeque\u00f1as acciones en conjunto llevan a grandes resultados\u201d e invit\u00f3 a que cuidemos el medio ambiente d\u00eda a d\u00eda y se tome conciencia de la protecci\u00f3n de los recursos naturales, argumentando que es compromiso de todos proteger el medio ambiente ya que\u00a0\u00a0depende de esto nuestra calidad de vida.<\/span><\/p>\n<p><span style=\"font-size: medium;\">Durante esta actividad se pintaron alrededor de 400 \u00e1rboles ubicados en la Calzada Ju\u00e1rez de esta ciudad,\u00a0con el\u00a0objetivo de preservar las \u00e1reas verdes de la capital michoacana evitando\u00a0que insectos y plagas invadan los \u00e1rboles lo que puede provocar\u00a0\u00a0con ello la deforestaci\u00f3n.<\/span><\/p>\n<p><span style=\"font-size: medium;\">Cabe se\u00f1alar que seg\u00fan la FAO (Organizaci\u00f3n de las Naciones Unidas para la Agricultura y la Alimentaci\u00f3n) los bosques del planeta y sus suelos actualmente almacenan m\u00e1s de un bill\u00f3n de toneladas de carbono, el doble de la cantidad que flota libre en la atm\u00f3sfera.<\/span><\/p>\n<p><span style=\"font-size: medium;\">La destrucci\u00f3n de los bosques, por otra parte, libera en la atm\u00f3sfera unos seis mil millones de toneladas de di\u00f3xido de carbono al a\u00f1o, y para el equilibrio de este elemento, as\u00ed como para la conservaci\u00f3n del medio ambiente, es importante evitar que escape este carbono almacenado.<\/span><\/p>\n","protected":false},"excerpt":{"rendered":"<p>Los j\u00f3venes de Morelia, preocupados por el cuidado del medio ambiente se sumaron al proyecto \u201cProtegiendo Nuestros \u00c1rboles y \u00c1reas Verdes de Morelia\u201d, que promueve el Ayuntamiento a trav\u00e9s del Instituto de la Juventud Moreliana actividad tendiente a fortalecer las acciones para que la poblaci\u00f3n pueda acceder a una  mejor calidad de vida y consolidar un Morelia Verde. <\/p>\n","protected":false},"author":1,"featured_media":0,"comment_status":"open","ping_status":"open","sticky":false,"template":"","format":"standard","meta":{"footnotes":""},"categories":[3],"tags":[],"class_list":["post-917","post","type-post","status-publish","format-standard","hentry","category-gobierno-del-estado-de-michoacan"],"_links":{"self":[{"href":"https:\/\/radiowebmx.com\/nota\/wp-json\/wp\/v2\/posts\/917","targetHints":{"allow":["GET"]}}],"collection":[{"href":"https:\/\/radiowebmx.com\/nota\/wp-json\/wp\/v2\/posts"}],"about":[{"href":"https:\/\/radiowebmx.com\/nota\/wp-json\/wp\/v2\/types\/post"}],"author":[{"embeddable":true,"href":"https:\/\/radiowebmx.com\/nota\/wp-json\/wp\/v2\/users\/1"}],"replies":[{"embeddable":true,"href":"https:\/\/radiowebmx.com\/nota\/wp-json\/wp\/v2\/comments?post=917"}],"version-history":[{"count":3,"href":"https:\/\/radiowebmx.com\/nota\/wp-json\/wp\/v2\/posts\/917\/revisions"}],"predecessor-version":[{"id":919,"href":"https:\/\/radiowebmx.com\/nota\/wp-json\/wp\/v2\/posts\/917\/revisions\/919"}],"wp:attachment":[{"href":"https:\/\/radiowebmx.com\/nota\/wp-json\/wp\/v2\/media?parent=917"}],"wp:term":[{"taxonomy":"category","embeddable":true,"href":"https:\/\/radiowebmx.com\/nota\/wp-json\/wp\/v2\/categories?post=917"},{"taxonomy":"post_tag","embeddable":true,"href":"https:\/\/radiowebmx.com\/nota\/wp-json\/wp\/v2\/tags?post=917"}],"curies":[{"name":"wp","href":"https:\/\/api.w.org\/{rel}","templated":true}]}}