{"id":912,"date":"2013-01-21T12:20:04","date_gmt":"2013-01-21T18:20:04","guid":{"rendered":"https:\/\/radiowebmx.com\/nota\/?p=912"},"modified":"2013-01-21T12:20:04","modified_gmt":"2013-01-21T18:20:04","slug":"acompanara-fausto-vallejo-a-presidente-de-la-republica-en-puesta-en-marcha-de-la-cruzada-nacional-contra-el-hambre","status":"publish","type":"post","link":"https:\/\/radiowebmx.com\/nota\/acompanara-fausto-vallejo-a-presidente-de-la-republica-en-puesta-en-marcha-de-la-cruzada-nacional-contra-el-hambre\/","title":{"rendered":"ACOMPA\u00d1AR\u00c1 FAUSTO VALLEJO A PRESIDENTE DE LA REP\u00daBLICA EN PUESTA EN MARCHA DE LA CRUZADA NACIONAL CONTRA EL HAMBRE"},"content":{"rendered":"<p>El gobernador de Michoac\u00e1n Fausto Vallejo Figueroa, en atenci\u00f3n a la invitaci\u00f3n especial del presidente de M\u00e9xico, Enrique Pe\u00f1a Nieto, este lunes acudir\u00e1 al estado de Chiapas para ser testigo de la puesta en marcha de la Cruzada Nacional contra el Hambre, que tiene como objetivo alinear los esfuerzos de los sectores p\u00fablico y privado en un frente com\u00fan de combate a la marginaci\u00f3n.<\/p>\n<p>Vallejo Figueroa acudir\u00e1 al estado de Chiapas, \u00a0donde se iniciar\u00e1 de manera oficial este programa federal, el cual tiene un similar en Michoac\u00e1n que es punta de lanza en el pa\u00eds al unificar todas las acciones del gobierno del estado en materia de desarrollo social: Contigo, Compromiso de todos.<\/p>\n<p>En este sentido, el mandatario estatal dijo que en Michoac\u00e1n ya se han implementado acciones como las proyectadas a nivel nacional, pues a mes y medio de que arrancara el programa Contigo, se ha logrado la afiliaci\u00f3n de casi 64 mil michoacanos de municipios de Alta y Muy Alta Marginaci\u00f3n, a sus beneficios.<\/p>\n<p>Al igual que las estrategias de orden federal, el programa Contigo en nuestro estado se integra al Sistema Estatal de Desarrollo Social (SEDS), que tiene como prop\u00f3sito el contribuir a la disminuci\u00f3n gradual de la marginaci\u00f3n y el rezago social de las personas que viven en condiciones de pobreza y vulnerabilidad, para mejorar sus condiciones de vida y generar un nuevo modelo de desarrollo social para Michoac\u00e1n.<\/p>\n<p>A decir de Fausto Vallejo, Contigo \u201ces el rostro humano del gobierno del estado\u201d y al ser puente de comunicaci\u00f3n con la ciudadan\u00eda, tambi\u00e9n cumple con una de sus promesas de campa\u00f1a al atender a pobladores de municipios de muy alta marginaci\u00f3n, en 6 vertientes: Mujeres, Adultos mayores, J\u00f3venes, Personas con discapacidad, Personas con actividad productiva en el campo y\/o zona urbana, y Asalariados en pobreza extrema, a trav\u00e9s del Centro Integral de Atenci\u00f3n Ciudadana Contigo.<\/p>\n<p>Es de recordar que el programa Contigo, brinda beneficios espec\u00edficos de asesor\u00eda, consultor\u00eda, apoyo y orientaci\u00f3n a la poblaci\u00f3n vulnerable, que son proporcionados a trav\u00e9s del Centro de Atenci\u00f3n Ciudadana, que opera v\u00eda telef\u00f3nica (01-800-CONTIGO), mediante el cual se atienden las llamadas de la poblaci\u00f3n, las 24 horas y los 365 d\u00edas del a\u00f1o, sin costo alguno para el solicitante, \u00a0con la opci\u00f3n de un traductor de idioma pur\u00e9pecha. Adem\u00e1s, permite a los michoacanos mantener un v\u00ednculo con sus familiares en Estados Unidos o Canad\u00e1.<\/p>\n<p>&nbsp;<\/p>\n<p>&nbsp;<\/p>\n","protected":false},"excerpt":{"rendered":"<p>El gobernador de Michoac\u00e1n Fausto Vallejo Figueroa, en atenci\u00f3n a la invitaci\u00f3n especial del presidente de M\u00e9xico, Enrique Pe\u00f1a Nieto, este lunes acudir\u00e1 al estado de Chiapas para ser testigo de la puesta en marcha de la Cruzada Nacional contra el Hambre, que tiene como objetivo alinear los esfuerzos de los sectores p\u00fablico y privado en un frente com\u00fan de combate a la marginaci\u00f3n.<\/p>\n","protected":false},"author":1,"featured_media":0,"comment_status":"open","ping_status":"open","sticky":false,"template":"","format":"standard","meta":{"footnotes":""},"categories":[3],"tags":[],"class_list":["post-912","post","type-post","status-publish","format-standard","hentry","category-gobierno-del-estado-de-michoacan"],"_links":{"self":[{"href":"https:\/\/radiowebmx.com\/nota\/wp-json\/wp\/v2\/posts\/912","targetHints":{"allow":["GET"]}}],"collection":[{"href":"https:\/\/radiowebmx.com\/nota\/wp-json\/wp\/v2\/posts"}],"about":[{"href":"https:\/\/radiowebmx.com\/nota\/wp-json\/wp\/v2\/types\/post"}],"author":[{"embeddable":true,"href":"https:\/\/radiowebmx.com\/nota\/wp-json\/wp\/v2\/users\/1"}],"replies":[{"embeddable":true,"href":"https:\/\/radiowebmx.com\/nota\/wp-json\/wp\/v2\/comments?post=912"}],"version-history":[{"count":1,"href":"https:\/\/radiowebmx.com\/nota\/wp-json\/wp\/v2\/posts\/912\/revisions"}],"predecessor-version":[{"id":913,"href":"https:\/\/radiowebmx.com\/nota\/wp-json\/wp\/v2\/posts\/912\/revisions\/913"}],"wp:attachment":[{"href":"https:\/\/radiowebmx.com\/nota\/wp-json\/wp\/v2\/media?parent=912"}],"wp:term":[{"taxonomy":"category","embeddable":true,"href":"https:\/\/radiowebmx.com\/nota\/wp-json\/wp\/v2\/categories?post=912"},{"taxonomy":"post_tag","embeddable":true,"href":"https:\/\/radiowebmx.com\/nota\/wp-json\/wp\/v2\/tags?post=912"}],"curies":[{"name":"wp","href":"https:\/\/api.w.org\/{rel}","templated":true}]}}