{"id":909,"date":"2013-01-21T12:15:57","date_gmt":"2013-01-21T18:15:57","guid":{"rendered":"https:\/\/radiowebmx.com\/nota\/?p=909"},"modified":"2013-01-21T12:15:57","modified_gmt":"2013-01-21T18:15:57","slug":"ayuntamiento-moreliano-prioriza-el-apoyo-al-campo","status":"publish","type":"post","link":"https:\/\/radiowebmx.com\/nota\/ayuntamiento-moreliano-prioriza-el-apoyo-al-campo\/","title":{"rendered":"Ayuntamiento moreliano prioriza el apoyo al campo"},"content":{"rendered":"<p><span style=\"font-size: medium;\"><img loading=\"lazy\" decoding=\"async\" class=\"alignnone\" src=\"http:\/\/img841.imageshack.us\/img841\/2663\/dsc3949d.jpg\" alt=\"\" width=\"591\" height=\"274\" \/>\u00a0\u201cEl campo es una prioridad para esta administraci\u00f3n, y es por eso que la comunicaci\u00f3n y el apoyo deben ser contantes para impulsar el Morelia Rural\u201d, as\u00ed lo destac\u00f3 el presidente Municipal Wilfrido L\u00e1zaro Medina en el marco de la celebraci\u00f3n de la Sesi\u00f3n Anual Ordinaria de la Asociaci\u00f3n Ganadera Local de Morelia encabezada por Javier Rivera Calder\u00f3n.<\/span><\/p>\n<p><span style=\"font-size: medium;\">\u00a0<\/span><\/p>\n<p><span style=\"font-size: medium;\">Bajo la idea de que \u201cmorelianos somos todos y no solo quienes habitamos en la ciudad\u201d el edil moreliano estuvo acompa\u00f1ado por el Secretario de Servicios P\u00fablicos, Humberto Moreno Botello, el Secretario de Fomento Econ\u00f3mico, Luis Navarro Garc\u00eda y la Directora de Desarrollo Rural, Claudia L\u00e1zaro Medina, as\u00ed como el Secretario de\u00a0\u00a0Desarrollo Rural del Estado, Ram\u00f3n Cano Vega para conocer las necesidades de quienes habitan las comunidades del municipio.<\/span><\/p>\n<p><span style=\"font-size: medium;\">\u00a0<\/span><\/p>\n<p><span style=\"font-size: medium;\">En este orden el l\u00edder de la comuna capitalina extern\u00f3 un reconocimiento a los ganaderos de Morelia, ya que subray\u00f3 que ellos son importantes productores de alimentos para el municipio y que cuidan los bosques que aqu\u00ed existen, raz\u00f3n por la cual estar al pendiente de sus necesidades, es una prioridad.<\/span><\/p>\n<p><span style=\"font-size: medium;\">\u00a0<\/span><\/p>\n<p><span style=\"font-size: medium;\">Subray\u00f3 que son diversos los programas que se impulsan las comunidades morelianas a trav\u00e9s de la Direcci\u00f3n de Desarrollo Rural de la Secretaria de fomento Econ\u00f3mico, como el de mejoramiento gen\u00e9tico del ganado y la construcci\u00f3n de caminos saca cosecha, sin embargo adem\u00e1s de impulsar la actividad econ\u00f3mica del campo las comunidades est\u00e1n necesitadas de servicios p\u00fablicos.<\/span><\/p>\n<p><span style=\"font-size: medium;\">\u00a0<\/span><\/p>\n<p><span style=\"font-size: medium;\">\u201cTodos como morelianos, tenemos derecho a los servicios p\u00fablicos, sabemos de las necesidades del campo y de las comunidades, y trabajaremos en darles respuesta\u201d, resalto L\u00e1zaro Medina, al mencionar las acciones de pavimentaci\u00f3n, alumbrado p\u00fablico y limpieza que se realizan en las todas las tenencias del municipio.<\/span><\/p>\n<p><span style=\"font-size: medium;\">\u00a0<\/span><\/p>\n<p><span style=\"font-size: medium;\">De igual forma el presidente municipal de Morelia reiter\u00f3 que en este 2013 el apoyo al campo ser\u00e1 a\u00fan mayor ya que se pretende aumentar a 400 la cantidad de cabezas de ganado gen\u00e9ticamente mejorado, y la implementaci\u00f3n de un nuevo programa de corrales de manejo, esto adem\u00e1s de dar seguimiento a las acciones que han dado resultados favorables.<\/span><\/p>\n<p><span style=\"font-size: medium;\">\u00a0<\/span><\/p>\n<p><span style=\"font-size: medium;\">Por su parte el Presidente del Consejo Directivo de la Asociaci\u00f3n Ganadera Local de Morelia, Javier Rivera Calder\u00f3n, agradeci\u00f3 a L\u00e1zaro Medina y los funcionarios presentes por el apoyo que han recibido desde iniciada la administraci\u00f3n local e hizo la petici\u00f3n de un apoyo econ\u00f3mico para el pago de maquinaria y equipamiento a la cual recibi\u00f3 respuesta favorable del edil.<\/span><\/p>\n<p><span style=\"font-size: medium;\">\u00a0<\/span><\/p>\n<p><span style=\"font-size: medium;\">Finalmente el representante de los ganaderos morelianos solicit\u00f3 a las autoridades municipales y estatales continuar impulsando el desarrollo de la zona rural de Morelia, y destac\u00f3 que \u201clos ganaderos de Morelia estamos para sumar voluntades con el municipio y el estado para obtener mejores resultados\u201d, dijo.<\/span><\/p>\n<p><span style=\"font-size: medium;\">\u00a0<\/span><\/p>\n<p><strong><span style=\"font-size: medium;\">Los beneficiados<\/span><\/strong><\/p>\n<p><span style=\"font-size: medium;\">Felipe Ferreira, ganadero moreliano externo que es gratificante ver que el Presidente Municipal Wilfrido L\u00e1zaro Medina no pierde contacto con los ciudadanos y que los apoyos que prometi\u00f3 se est\u00e1n haciendo reales a trav\u00e9s de los programas que se llevan a cabo en las tenencias.<\/span><\/p>\n<p><span style=\"font-size: medium;\">\u00a0<\/span><\/p>\n<p><span style=\"font-size: medium;\">\u201cPersonalmente estoy muy agradecido con las autoridades morelianas porque ha estado al pendiente de los ganaderos, en Tenencia Morelos somos varios ya los beneficiados y tenemos fe en que el apoyo seguir\u00e1 estando presente no solo para nosotros en ese lugar sino para todo el campo en Morelia\u201d, resalt\u00f3 Mart\u00edn Aguilar.<\/span><\/p>\n<p><span style=\"font-size: medium;\">\u00a0<\/span><\/p>\n<p><span style=\"font-size: medium;\">El se\u00f1or Miguel Rangel del Rancho del Solar, subray\u00f3 que el apoyo que ha recibido del ayuntamiento de Morelia en beneficio de las personas del campo es muy bueno, sin embargo a\u00fan falta mucho por hacer y espera que el Ayuntamiento contin\u00fae brindando su apoyo.<\/span><\/p>\n<p><span style=\"font-size: medium;\">\u00a0<\/span><\/p>\n<p><span style=\"font-size: medium;\">\u201cYo he tenido la suerte de ser beneficiado con el programa de Ganado Gen\u00e9ticamente Mejorado y escuch\u00e9 que este a\u00f1o ser\u00e1n m\u00e1s cabezas de ganado las que aporte el Ayuntamiento de Morelia y sin duda es una gran ayuda para quienes trabajando en el campo, es bueno ver que no se olvidan de nosotros\u201d, coment\u00f3 Ernesto Ch\u00e1vez, habitante de Chiquimitio.<\/span><\/p>\n","protected":false},"excerpt":{"rendered":"<p>\u00a0\u201cEl campo es una prioridad para esta administraci\u00f3n, y es por eso que la comunicaci\u00f3n y el apoyo deben ser contantes para impulsar el Morelia Rural\u201d, as\u00ed lo destac\u00f3 el presidente Municipal Wilfrido L\u00e1zaro Medina en el marco de la celebraci\u00f3n de la Sesi\u00f3n Anual Ordinaria de la Asociaci\u00f3n Ganadera Local de Morelia encabezada por [&hellip;]<\/p>\n","protected":false},"author":1,"featured_media":0,"comment_status":"open","ping_status":"open","sticky":false,"template":"","format":"standard","meta":{"footnotes":""},"categories":[9],"tags":[],"class_list":["post-909","post","type-post","status-publish","format-standard","hentry","category-morelia"],"_links":{"self":[{"href":"https:\/\/radiowebmx.com\/nota\/wp-json\/wp\/v2\/posts\/909","targetHints":{"allow":["GET"]}}],"collection":[{"href":"https:\/\/radiowebmx.com\/nota\/wp-json\/wp\/v2\/posts"}],"about":[{"href":"https:\/\/radiowebmx.com\/nota\/wp-json\/wp\/v2\/types\/post"}],"author":[{"embeddable":true,"href":"https:\/\/radiowebmx.com\/nota\/wp-json\/wp\/v2\/users\/1"}],"replies":[{"embeddable":true,"href":"https:\/\/radiowebmx.com\/nota\/wp-json\/wp\/v2\/comments?post=909"}],"version-history":[{"count":2,"href":"https:\/\/radiowebmx.com\/nota\/wp-json\/wp\/v2\/posts\/909\/revisions"}],"predecessor-version":[{"id":911,"href":"https:\/\/radiowebmx.com\/nota\/wp-json\/wp\/v2\/posts\/909\/revisions\/911"}],"wp:attachment":[{"href":"https:\/\/radiowebmx.com\/nota\/wp-json\/wp\/v2\/media?parent=909"}],"wp:term":[{"taxonomy":"category","embeddable":true,"href":"https:\/\/radiowebmx.com\/nota\/wp-json\/wp\/v2\/categories?post=909"},{"taxonomy":"post_tag","embeddable":true,"href":"https:\/\/radiowebmx.com\/nota\/wp-json\/wp\/v2\/tags?post=909"}],"curies":[{"name":"wp","href":"https:\/\/api.w.org\/{rel}","templated":true}]}}