{"id":905,"date":"2013-01-21T11:59:41","date_gmt":"2013-01-21T17:59:41","guid":{"rendered":"https:\/\/radiowebmx.com\/nota\/?p=905"},"modified":"2013-01-21T11:59:41","modified_gmt":"2013-01-21T17:59:41","slug":"presentan-programa-escuelas-en-ambiente","status":"publish","type":"post","link":"https:\/\/radiowebmx.com\/nota\/presentan-programa-escuelas-en-ambiente\/","title":{"rendered":"PRESENTAN PROGRAMA ESCUELAS EN AMBIENTE"},"content":{"rendered":"<p>La Secretar\u00eda de Educaci\u00f3n en el Estado present\u00f3 oficialmente el Programa Escuelas en Ambiente ante \u00a0autoridades estatales, a fin de fomentar en los alumnos la conservaci\u00f3n del medio ambiente y su participaci\u00f3n activa en la prevenci\u00f3n y soluci\u00f3n de problemas relacionados.<\/p>\n<p>Jeannett Arana Guti\u00e9rrez, responsable del programa que forma parte del Departamento de Programas Escolares Interinstitucionales de la Secretar\u00eda de Educaci\u00f3n, destac\u00f3 que \u201cEscuelas en Ambiente\u201d se viene desarrollando desde el 2009 y busca incidir en la inclusi\u00f3n de la dimensi\u00f3n ambiental en los programas escolares de la educaci\u00f3n formal, principalmente en el nivel b\u00e1sico.<\/p>\n<p>Este programa se aplicar\u00e1 en 5 escuelas primarias de los municipios de Morelia, Charo y Tar\u00edmbaro, con la finalidad de buscar en el alumnado el desarrollo de la conciencia, conocimientos, actitudes, aptitudes, capacidad de auto evaluaci\u00f3n y participaci\u00f3n permanente en la soluci\u00f3n a su problem\u00e1tica inmediata.<\/p>\n<p>Arana Guti\u00e9rrez enfatiz\u00f3 que su aplicaci\u00f3n propiciar\u00e1 la reflexi\u00f3n cr\u00edtica para la toma de decisiones en la resoluci\u00f3n de conflictos ambientales locales; adem\u00e1s de constituirse en un proyecto pedag\u00f3gico que corresponda al contexto social, cultural y natural de la localidad, proyect\u00e1ndose \u00e9ste hacia la comunidad.<\/p>\n<p>Escuelas en Ambiente \u00a0se realiza en coordinaci\u00f3n con la Comisi\u00f3n Forestal y la Secretar\u00eda de Urbanismo y Medio Ambiente, y consta de 5 etapas que comprenden: la realizaci\u00f3n de ferias ambientales, visitas al vivero forestal, al \u00e1rea natural y al zool\u00f3gico; as\u00ed como la conmemoraci\u00f3n del D\u00eda Mundial del Medio Ambiente, que de acuerdo a la Organizaci\u00f3n de las Naciones Unidas se celebra el 5 de junio.<\/p>\n<p>La presentaci\u00f3n se realiz\u00f3 con la finalidad de gestionar la participaci\u00f3n de otras organizaciones, o instituciones que le permitan al proyecto incidir en el entorno local.<\/p>\n<p>Estuvieron presentes el director de la Comisi\u00f3n Forestal estatal (COFOM), Cuauht\u00e9moc Ram\u00edrez Romero; Benjam\u00edn Barrales L\u00f3pez, en representaci\u00f3n de la Secretar\u00eda de Educaci\u00f3n; Gustavo Barajas Mendoza, representante de la Secretar\u00eda de Urbanismo y Medio Ambiente; de la Direcci\u00f3n del Museo de Historia Natural, Mar\u00eda Guadalupe Reyes Garc\u00eda; el Gerente de la Regi\u00f3n Centro Occidente del Fideicomiso para el Ahorro de Energ\u00eda El\u00e9ctrica (FIDE), C\u00e9sar Enoc Tamayo Herrera; los presidentes municipales de Tar\u00edmbaro y Charo, Benjam\u00edn P\u00e1ramo Garc\u00eda y Ra\u00fal Prieto G\u00f3mez, respectivamente, as\u00ed como representantes del Consejo Estatal de Ecolog\u00eda (COEECO) y de la Procuradur\u00eda de Protecci\u00f3n al Ambiente de Michoac\u00e1n (PROAM).<\/p>\n","protected":false},"excerpt":{"rendered":"<p>La Secretar\u00eda de Educaci\u00f3n en el Estado present\u00f3 oficialmente el Programa Escuelas en Ambiente ante \u00a0autoridades estatales, a fin de fomentar en los alumnos la conservaci\u00f3n del medio ambiente y su participaci\u00f3n activa en la prevenci\u00f3n y soluci\u00f3n de problemas relacionados. Jeannett Arana Guti\u00e9rrez, responsable del programa que forma parte del Departamento de Programas Escolares [&hellip;]<\/p>\n","protected":false},"author":1,"featured_media":0,"comment_status":"open","ping_status":"open","sticky":false,"template":"","format":"standard","meta":{"footnotes":""},"categories":[3],"tags":[],"class_list":["post-905","post","type-post","status-publish","format-standard","hentry","category-gobierno-del-estado-de-michoacan"],"_links":{"self":[{"href":"https:\/\/radiowebmx.com\/nota\/wp-json\/wp\/v2\/posts\/905","targetHints":{"allow":["GET"]}}],"collection":[{"href":"https:\/\/radiowebmx.com\/nota\/wp-json\/wp\/v2\/posts"}],"about":[{"href":"https:\/\/radiowebmx.com\/nota\/wp-json\/wp\/v2\/types\/post"}],"author":[{"embeddable":true,"href":"https:\/\/radiowebmx.com\/nota\/wp-json\/wp\/v2\/users\/1"}],"replies":[{"embeddable":true,"href":"https:\/\/radiowebmx.com\/nota\/wp-json\/wp\/v2\/comments?post=905"}],"version-history":[{"count":1,"href":"https:\/\/radiowebmx.com\/nota\/wp-json\/wp\/v2\/posts\/905\/revisions"}],"predecessor-version":[{"id":906,"href":"https:\/\/radiowebmx.com\/nota\/wp-json\/wp\/v2\/posts\/905\/revisions\/906"}],"wp:attachment":[{"href":"https:\/\/radiowebmx.com\/nota\/wp-json\/wp\/v2\/media?parent=905"}],"wp:term":[{"taxonomy":"category","embeddable":true,"href":"https:\/\/radiowebmx.com\/nota\/wp-json\/wp\/v2\/categories?post=905"},{"taxonomy":"post_tag","embeddable":true,"href":"https:\/\/radiowebmx.com\/nota\/wp-json\/wp\/v2\/tags?post=905"}],"curies":[{"name":"wp","href":"https:\/\/api.w.org\/{rel}","templated":true}]}}