{"id":8960,"date":"2014-08-05T10:54:29","date_gmt":"2014-08-05T15:54:29","guid":{"rendered":"https:\/\/radiowebmx.com\/nota\/?p=8960"},"modified":"2014-08-05T10:54:29","modified_gmt":"2014-08-05T15:54:29","slug":"preciso-se-apruebe-iniciativa-que-busca-otorgar-confianza-en-la-contraloria-del-ejecutivo-del-estado-jose-eduardo-anaya","status":"publish","type":"post","link":"https:\/\/radiowebmx.com\/nota\/preciso-se-apruebe-iniciativa-que-busca-otorgar-confianza-en-la-contraloria-del-ejecutivo-del-estado-jose-eduardo-anaya\/","title":{"rendered":"Preciso se apruebe Iniciativa que busca otorgar confianza en la Contralor\u00eda del Ejecutivo del Estado: Jos\u00e9 Eduardo Anaya"},"content":{"rendered":"<p>Imprescindible que se fortalezca el funcionamiento de la Administraci\u00f3n P\u00fablica de la entidad, as\u00ed como la eficiencia y efectividad en la administraci\u00f3n del \u00f3rgano de control y vigilancia del Estado, y con ello, lograr certidumbre y confianza de su funci\u00f3n ante la ciudadan\u00eda, se\u00f1al\u00f3 el diputado Jos\u00e9 Eduardo Anaya G\u00f3mez, integrante del Grupo Parlamentario del Partido Acci\u00f3n Nacional.<\/p>\n<p>El tambi\u00e9n integrante de la Comisi\u00f3n de Programaci\u00f3n, Presupuesto y Cuenta P\u00fablica del Congreso del Estado, indic\u00f3 que la iniciativa que busca fortalecer el nombramiento del Contralor del Ejecutivo Estatal propuesta por Acci\u00f3n Nac-,ional,\u00a0vendr\u00e1 a fortalecer el nombramiento del Coordinador de Contralor\u00eda del Estado, \u201cse pretende que el titular del Ejecutivo del Estado presente una terna de las propuestas consideradas a ocupar la titularidad de la Contralor\u00eda del Gobierno del Estado, la cual pueda ser previa comparecencia, para que sea sometida a votaci\u00f3n por los integrantes del Congreso del Estado, y as\u00ed se fortalezca su nombramiento, combatiendo con ello a la corrupci\u00f3n\u201d, reiter\u00f3.<\/p>\n<p>Anaya G\u00f3mez subray\u00f3 que para el Grupo Parlamentario del Partido Acci\u00f3n Nacional, la confianza hacia las instituciones ha sido un tema en el que se ha venido trabajando, buscando lograr certidumbre en la funci\u00f3n p\u00fablica de la entidad michoacana.<\/p>\n<p>\u201cLa confianza es un elemento fundamental para fortalecer las instituciones y otorgar esa certeza y confianza que los ciudadanos necesitamos para lograr la certidumbre que Michoac\u00e1n necesita\u201d, indic\u00f3 en entrevista el legislador del blanquiazul.<\/p>\n<p>Es importante destacar dicha iniciativa que reforma los art\u00edculos 44 y 60 de la Constituci\u00f3n, el cual tiene como objetivo que el titular de la Coordinaci\u00f3n de Contralor\u00eda del Ejecutivo Estatal, sea designado por los legisladores, \u00a0la cual fue turnada por el Pleno del Congreso del Estado en sesi\u00f3n extraordinaria a la Comisi\u00f3n de Puntos Constitucionales, para su estudio, an\u00e1lisis y dictamen.<\/p>\n<p>Cabe se\u00f1alar que \u00a0actualmente dicho nombramiento del Contralor, es facultad del titular del Poder Ejecutivo, tal como lo establece la Constituci\u00f3n Pol\u00edtica del Estado y la Ley Org\u00e1nica de la Administraci\u00f3n P\u00fablica Centralizada del Estado.<\/p>\n<p>Finalmente, el diputado Jos\u00e9 Eduardo Anaya G\u00f3mez ungi\u00f3 a los diputados integrantes de la Comisi\u00f3n respectiva, a analizar profundamente la Iniciativa presentada, con la finalidad de fortalecer las instituciones del Estado y con ello, lograr mayor certeza, confianza y transparencia en la funci\u00f3n p\u00fablica de Michoac\u00e1n.<\/p>\n","protected":false},"excerpt":{"rendered":"<p>Imprescindible que se fortalezca el funcionamiento de la Administraci\u00f3n P\u00fablica de la entidad, as\u00ed como la eficiencia y efectividad en la administraci\u00f3n del \u00f3rgano de control y vigilancia del Estado, y con ello, lograr certidumbre y confianza de su funci\u00f3n ante la ciudadan\u00eda, se\u00f1al\u00f3 el diputado Jos\u00e9 Eduardo Anaya G\u00f3mez,<\/p>\n","protected":false},"author":1,"featured_media":0,"comment_status":"open","ping_status":"open","sticky":false,"template":"","format":"standard","meta":{"footnotes":""},"categories":[6,8],"tags":[],"class_list":["post-8960","post","type-post","status-publish","format-standard","hentry","category-congreso-del-estado","category-grupo-parlamentario-del-pan"],"_links":{"self":[{"href":"https:\/\/radiowebmx.com\/nota\/wp-json\/wp\/v2\/posts\/8960","targetHints":{"allow":["GET"]}}],"collection":[{"href":"https:\/\/radiowebmx.com\/nota\/wp-json\/wp\/v2\/posts"}],"about":[{"href":"https:\/\/radiowebmx.com\/nota\/wp-json\/wp\/v2\/types\/post"}],"author":[{"embeddable":true,"href":"https:\/\/radiowebmx.com\/nota\/wp-json\/wp\/v2\/users\/1"}],"replies":[{"embeddable":true,"href":"https:\/\/radiowebmx.com\/nota\/wp-json\/wp\/v2\/comments?post=8960"}],"version-history":[{"count":2,"href":"https:\/\/radiowebmx.com\/nota\/wp-json\/wp\/v2\/posts\/8960\/revisions"}],"predecessor-version":[{"id":8962,"href":"https:\/\/radiowebmx.com\/nota\/wp-json\/wp\/v2\/posts\/8960\/revisions\/8962"}],"wp:attachment":[{"href":"https:\/\/radiowebmx.com\/nota\/wp-json\/wp\/v2\/media?parent=8960"}],"wp:term":[{"taxonomy":"category","embeddable":true,"href":"https:\/\/radiowebmx.com\/nota\/wp-json\/wp\/v2\/categories?post=8960"},{"taxonomy":"post_tag","embeddable":true,"href":"https:\/\/radiowebmx.com\/nota\/wp-json\/wp\/v2\/tags?post=8960"}],"curies":[{"name":"wp","href":"https:\/\/api.w.org\/{rel}","templated":true}]}}