{"id":8952,"date":"2014-08-05T10:39:19","date_gmt":"2014-08-05T15:39:19","guid":{"rendered":"https:\/\/radiowebmx.com\/nota\/?p=8952"},"modified":"2014-08-05T10:39:19","modified_gmt":"2014-08-05T15:39:19","slug":"liberan-instalaciones-de-cecufid","status":"publish","type":"post","link":"https:\/\/radiowebmx.com\/nota\/liberan-instalaciones-de-cecufid\/","title":{"rendered":"LIBERAN INSTALACIONES DE CECUFID"},"content":{"rendered":"<p>La Comisi\u00f3n Estatal de Cultura F\u00edsica y Deporte (Cecufid), informa que las instalaciones de la Cecufid, ubicadas la colonia Molino de Parras de la capital michoacana, fueron liberadas a partir de las 13:45 horas de hoy, luego de que un grupo de j\u00f3venes deportistas y algunos entrenadores del Programa de Talentos Deportivos hab\u00edan tomado el plantel por la ma\u00f1ana como medida para solicitar apoyos.<\/p>\n<p>Fue a trav\u00e9s del Ingeniero Francisco Xavier Lara Medina, titular de la Secretar\u00eda de los J\u00f3venes y encargado del despacho de la Cecufid, en un di\u00e1logo de respeto y cordialidad con los representantes del grupo inconforme, llegaron a un acuerdo en el que establecieron algunos compromisos para as\u00ed poder liberar las instalaciones.<\/p>\n<p>Uno de los compromisos fue la entrega, a m\u00e1s tardar el pr\u00f3ximo viernes 8 de julio, de las becas deportivas que otorga el Gobierno de Michoac\u00e1n a los mejores deportistas y entrenadores.<\/p>\n<p>Otro de los acuerdos fue el pago de la n\u00f3mina de los entrenadores, que pertenecen al programa de Talentos Deportivos que opera la Comisi\u00f3n Nacional de Cultura F\u00edsica y Deporte (Conade), con previa revisi\u00f3n.<\/p>\n<p>Tambi\u00e9n se acord\u00f3 que Francisco Xavier Lara Medina, realizar\u00e1 las gestiones para que los entrenadores del programa de Talentos Deportivos tengan una audiencia con el gobernador del Estado, Salvador Jara Guerrero.<\/p>\n<p>Adem\u00e1s ambas partes se comprometieron a realizar una revisi\u00f3n a fondo, apegados a los lineamientos que establece la Conade, sobre la matr\u00edcula de entrenadores\u00a0 michoacanos adscritos en la entidad al programa de Talentos Deportivos, entre otros.<\/p>\n<p>&nbsp;<\/p>\n","protected":false},"excerpt":{"rendered":"<p>La Comisi\u00f3n Estatal de Cultura F\u00edsica y Deporte (Cecufid), informa que las instalaciones de la Cecufid, ubicadas la colonia Molino de Parras de la capital michoacana, fueron liberadas a partir de las 13:45 horas de hoy<\/p>\n","protected":false},"author":1,"featured_media":0,"comment_status":"open","ping_status":"open","sticky":false,"template":"","format":"standard","meta":{"footnotes":""},"categories":[3],"tags":[],"class_list":["post-8952","post","type-post","status-publish","format-standard","hentry","category-gobierno-del-estado-de-michoacan"],"_links":{"self":[{"href":"https:\/\/radiowebmx.com\/nota\/wp-json\/wp\/v2\/posts\/8952","targetHints":{"allow":["GET"]}}],"collection":[{"href":"https:\/\/radiowebmx.com\/nota\/wp-json\/wp\/v2\/posts"}],"about":[{"href":"https:\/\/radiowebmx.com\/nota\/wp-json\/wp\/v2\/types\/post"}],"author":[{"embeddable":true,"href":"https:\/\/radiowebmx.com\/nota\/wp-json\/wp\/v2\/users\/1"}],"replies":[{"embeddable":true,"href":"https:\/\/radiowebmx.com\/nota\/wp-json\/wp\/v2\/comments?post=8952"}],"version-history":[{"count":2,"href":"https:\/\/radiowebmx.com\/nota\/wp-json\/wp\/v2\/posts\/8952\/revisions"}],"predecessor-version":[{"id":8954,"href":"https:\/\/radiowebmx.com\/nota\/wp-json\/wp\/v2\/posts\/8952\/revisions\/8954"}],"wp:attachment":[{"href":"https:\/\/radiowebmx.com\/nota\/wp-json\/wp\/v2\/media?parent=8952"}],"wp:term":[{"taxonomy":"category","embeddable":true,"href":"https:\/\/radiowebmx.com\/nota\/wp-json\/wp\/v2\/categories?post=8952"},{"taxonomy":"post_tag","embeddable":true,"href":"https:\/\/radiowebmx.com\/nota\/wp-json\/wp\/v2\/tags?post=8952"}],"curies":[{"name":"wp","href":"https:\/\/api.w.org\/{rel}","templated":true}]}}