{"id":8942,"date":"2014-08-05T10:26:08","date_gmt":"2014-08-05T15:26:08","guid":{"rendered":"https:\/\/radiowebmx.com\/nota\/?p=8942"},"modified":"2014-08-05T10:26:08","modified_gmt":"2014-08-05T15:26:08","slug":"designan-a-rigoberto-reyes-como-director-de-planeacion-del-icatmi","status":"publish","type":"post","link":"https:\/\/radiowebmx.com\/nota\/designan-a-rigoberto-reyes-como-director-de-planeacion-del-icatmi\/","title":{"rendered":"DESIGNAN A RIGOBERTO REYES COMO DIRECTOR DE PLANEACI\u00d3N DEL ICATMI"},"content":{"rendered":"<p><a href=\"https:\/\/radiowebmx.com\/nota\/wp-content\/uploads\/2014\/08\/DSC_0118.jpg\"><img loading=\"lazy\" decoding=\"async\" class=\"alignleft size-full wp-image-8943\" alt=\"DSC_0118\" src=\"https:\/\/radiowebmx.com\/nota\/wp-content\/uploads\/2014\/08\/DSC_0118.jpg\" width=\"591\" height=\"283\" srcset=\"https:\/\/radiowebmx.com\/nota\/wp-content\/uploads\/2014\/08\/DSC_0118.jpg 591w, https:\/\/radiowebmx.com\/nota\/wp-content\/uploads\/2014\/08\/DSC_0118-300x143.jpg 300w\" sizes=\"auto, (max-width: 591px) 100vw, 591px\" \/><\/a>El gobernador del Estado, Salvador Jara Guerrero, design\u00f3 a Rigoberto Reyes Espinoza como director de Planeaci\u00f3n del Instituto de Capacitaci\u00f3n para el Trabajo del Estado de Michoac\u00e1n, (ICATMI), en sustituci\u00f3n de Armando Germ\u00e1n Rodr\u00edguez Reskala.<\/p>\n<p>Correspondi\u00f3 al director general del Icatmi, Rodolfo Camacho Ceballos, hacer entrega del nombramiento al nuevo funcionario, a quien conmin\u00f3 a conducirse apegado a los principios de transparencia y honestidad.<\/p>\n<p>Rigoberto Reyes se desempe\u00f1\u00f3 como director del plantel Icatmi-Acuitzio,\u00a0 adem\u00e1s de que fue jefe del departamento de Atenci\u00f3n Ciudadana en el \u00e1rea de Coplademun del Ayuntamiento de Morelia, as\u00ed como regidor suplente, y actualmente es Presidente de la Asociaci\u00f3n de Exalumnos Nicolaitas.<\/p>\n<p>La nueva encomienda de Rigoberto Reyes, es dotar a los planteles con material de calidad y posicionar a la instituci\u00f3n como una de las mejores a nivel nacional, dijo Rodolfo Camacho Ceballos.<\/p>\n<p>En otro orden de ideas, el Icatmi, inicia el periodo de inscripciones en los 21 planteles con una oferta educativa de m\u00e1s 150 cursos entre los que destacan, Inform\u00e1tica, Ingl\u00e9s, Belleza, Corte y Confecci\u00f3n, Mec\u00e1nica Automotriz, Carpinter\u00eda, Gastronom\u00eda, Electricidad, Auxiliar de Secretariado, entre otros.<\/p>\n<p>Los requisitos para los interesados son: saber leer y escribir, ser mayores de 15 a\u00f1os de edad, dos fotograf\u00edas, pago de cuota de recuperaci\u00f3n m\u00ednima, CURP y copia del acta de nacimiento.<\/p>\n<p>Cabe recordar que dentro la instituci\u00f3n cuenta con el Centro de Formaci\u00f3n y Actualizaci\u00f3n en apoyo a las empresas.<\/p>\n<p>Es el ejemplo del puerto de L\u00e1zaro C\u00e1rdenas, en donde en conjunto con el sector aduanero, se efect\u00faan los cursos de Ingl\u00e9s T\u00e9cnico Portuario y Administraci\u00f3n Aduanal, cursos que refrendan los ejes de capacitaci\u00f3n en y para el trabajo.<\/p>\n","protected":false},"excerpt":{"rendered":"<p>El gobernador del Estado, Salvador Jara Guerrero, design\u00f3 a Rigoberto Reyes Espinoza como director de Planeaci\u00f3n del Instituto de Capacitaci\u00f3n para el Trabajo del Estado de Michoac\u00e1n, (ICATMI), en sustituci\u00f3n de Armando Germ\u00e1n Rodr\u00edguez Reskala.<\/p>\n","protected":false},"author":1,"featured_media":8943,"comment_status":"open","ping_status":"open","sticky":false,"template":"","format":"standard","meta":{"footnotes":""},"categories":[14,3],"tags":[],"class_list":["post-8942","post","type-post","status-publish","format-standard","has-post-thumbnail","hentry","category-destacadas","category-gobierno-del-estado-de-michoacan"],"_links":{"self":[{"href":"https:\/\/radiowebmx.com\/nota\/wp-json\/wp\/v2\/posts\/8942","targetHints":{"allow":["GET"]}}],"collection":[{"href":"https:\/\/radiowebmx.com\/nota\/wp-json\/wp\/v2\/posts"}],"about":[{"href":"https:\/\/radiowebmx.com\/nota\/wp-json\/wp\/v2\/types\/post"}],"author":[{"embeddable":true,"href":"https:\/\/radiowebmx.com\/nota\/wp-json\/wp\/v2\/users\/1"}],"replies":[{"embeddable":true,"href":"https:\/\/radiowebmx.com\/nota\/wp-json\/wp\/v2\/comments?post=8942"}],"version-history":[{"count":1,"href":"https:\/\/radiowebmx.com\/nota\/wp-json\/wp\/v2\/posts\/8942\/revisions"}],"predecessor-version":[{"id":8944,"href":"https:\/\/radiowebmx.com\/nota\/wp-json\/wp\/v2\/posts\/8942\/revisions\/8944"}],"wp:featuredmedia":[{"embeddable":true,"href":"https:\/\/radiowebmx.com\/nota\/wp-json\/wp\/v2\/media\/8943"}],"wp:attachment":[{"href":"https:\/\/radiowebmx.com\/nota\/wp-json\/wp\/v2\/media?parent=8942"}],"wp:term":[{"taxonomy":"category","embeddable":true,"href":"https:\/\/radiowebmx.com\/nota\/wp-json\/wp\/v2\/categories?post=8942"},{"taxonomy":"post_tag","embeddable":true,"href":"https:\/\/radiowebmx.com\/nota\/wp-json\/wp\/v2\/tags?post=8942"}],"curies":[{"name":"wp","href":"https:\/\/api.w.org\/{rel}","templated":true}]}}