{"id":8764,"date":"2014-07-25T11:49:22","date_gmt":"2014-07-25T16:49:22","guid":{"rendered":"https:\/\/radiowebmx.com\/nota\/?p=8764"},"modified":"2014-07-25T11:49:22","modified_gmt":"2014-07-25T16:49:22","slug":"necesario-se-aplique-en-mexico-un-plan-estrategico-que-ayude-a-moderar-la-inflacion-de-costos-jorge-moreno","status":"publish","type":"post","link":"https:\/\/radiowebmx.com\/nota\/necesario-se-aplique-en-mexico-un-plan-estrategico-que-ayude-a-moderar-la-inflacion-de-costos-jorge-moreno\/","title":{"rendered":"Necesario se aplique en M\u00e9xico un plan estrat\u00e9gico que ayude a moderar la inflaci\u00f3n de costos: Jorge Moreno"},"content":{"rendered":"<p>Necesario generar m\u00e1s y mejores pol\u00edticas p\u00fablicas que detengan la inflaci\u00f3n tanto en los productos de la canasta b\u00e1sica, as\u00ed como en los costos de los servicios, los cuales tuvieron un incremento del punto 28 por ciento, registrando una inflaci\u00f3n general del 0.20 por ciento en el Pa\u00eds, expres\u00f3 el diputado Jorge Moreno Mart\u00ednez.<a target=\"_blank\" name=\"1476a957eb406f64_1476a9353413825d__GoBack\"><\/a><\/p>\n<p>El diputado integrante de la Comisi\u00f3n de Desarrollo Social en el Congreso del Estado de Michoac\u00e1n, destac\u00f3 que seg\u00fan el Instituto Nacional de Estad\u00edstica y Geograf\u00eda (INEGI), estas cifras son las m\u00e1s altas desde la primera quincena de enero, \u201cresulta desafortunado que los precios sigan aumentando mientras el empleo y el salario m\u00ednimo no refleje \u00a0un cambio equivalente a este aumento\u201d, reproch\u00f3.<\/p>\n<p>Se\u00f1al\u00f3, que a pesar de que dicho instituto registr\u00f3 que la poblaci\u00f3n ocupada en M\u00e9xico alcanz\u00f3 el 94.20 por ciento de la Poblaci\u00f3n Econ\u00f3micamente Activa durante el mes de junio del presente a\u00f1o, este coloca a Michoac\u00e1n en el puesto 24 como una de las entidades m\u00e1s bajas en tasa de desempleo, \u201ces inevitable ver como a\u00fan existen michoacanos en busca de oportunidades laborales, de mejores salarios y dem\u00e1s situaciones que los obliga a trabajar sin las necesarias prestaciones de ley\u201d, puntualiz\u00f3.<\/p>\n<p>Moreno Mart\u00ednez, indic\u00f3 con datos del Consejo Nacional de Evaluaci\u00f3n de la Pol\u00edtica de Desarrollo Social, que Michoac\u00e1n esta etiquetado en el quinto lugar nacional con mayor n\u00famero de habitantes en pobreza extrema, ya que m\u00e1s del 50 por ciento de la poblaci\u00f3n vive en dicha condici\u00f3n, \u201cestos indicadores son para preocuparse, por lo que es necesario que la autoridades federales y estatales de las diversas ordenes de gobierno, trabajemos en coordinaci\u00f3n para que \u00e9sta realidad cambie radicalmente\u201d, manifest\u00f3.<\/p>\n<p>Asimismo, se\u00f1al\u00f3, &#8220;urge que la inflaci\u00f3n sea moderada, ya que es sin duda un factor que ata\u00f1e a la sociedad michoacana, quienes se ven en la necesidad de administrar sus ingresos entre los altos costos de los productos de canasta b\u00e1sica, servicios b\u00e1sicos y tambi\u00e9n solventar los servicios de salud, por lo que varios se encuentran ante la\u00a0necesidad de privarse de muchas otras necesidades\u201d, subray\u00f3.<\/p>\n<p>Finalmente, el parlamentario albiazul refrend\u00f3 su compromiso con los michoacanos, por lo que hizo un llamado al Gobierno Federal para que de manera pronta implemente m\u00e1s y mejores\u00a0programas, as\u00ed como planes que ayuden a reducir la inflaci\u00f3n de precios de mercanc\u00eda y servicios,\u00a0as\u00ed como a\u00a0ejercer m\u00e1s apoyo a productores, para que no tengan que recurrir al alza de precios,\u00a0\u201cdesde las trincheras del Poder Legislativo, Acci\u00f3n Nacional continuar\u00e1 trabajando por mejorar las condiciones de vida de los habitantes de Michoac\u00e1n, ideando estrategias y \u00a0elaborando normas legales que favorezcan a los sectores m\u00e1s vulnerados\u201d, concluy\u00f3.<\/p>\n","protected":false},"excerpt":{"rendered":"<p>Necesario generar m\u00e1s y mejores pol\u00edticas p\u00fablicas que detengan la inflaci\u00f3n tanto en los productos de la canasta b\u00e1sica, as\u00ed como en los costos de los servicios, los cuales tuvieron un incremento del punto 28 por ciento, registrando una inflaci\u00f3n general del 0.20 por ciento en el Pa\u00eds<\/p>\n","protected":false},"author":1,"featured_media":0,"comment_status":"open","ping_status":"open","sticky":false,"template":"","format":"standard","meta":{"footnotes":""},"categories":[14,13,11],"tags":[],"class_list":["post-8764","post","type-post","status-publish","format-standard","hentry","category-destacadas","category-pan","category-partidos-politicos"],"_links":{"self":[{"href":"https:\/\/radiowebmx.com\/nota\/wp-json\/wp\/v2\/posts\/8764","targetHints":{"allow":["GET"]}}],"collection":[{"href":"https:\/\/radiowebmx.com\/nota\/wp-json\/wp\/v2\/posts"}],"about":[{"href":"https:\/\/radiowebmx.com\/nota\/wp-json\/wp\/v2\/types\/post"}],"author":[{"embeddable":true,"href":"https:\/\/radiowebmx.com\/nota\/wp-json\/wp\/v2\/users\/1"}],"replies":[{"embeddable":true,"href":"https:\/\/radiowebmx.com\/nota\/wp-json\/wp\/v2\/comments?post=8764"}],"version-history":[{"count":2,"href":"https:\/\/radiowebmx.com\/nota\/wp-json\/wp\/v2\/posts\/8764\/revisions"}],"predecessor-version":[{"id":8766,"href":"https:\/\/radiowebmx.com\/nota\/wp-json\/wp\/v2\/posts\/8764\/revisions\/8766"}],"wp:attachment":[{"href":"https:\/\/radiowebmx.com\/nota\/wp-json\/wp\/v2\/media?parent=8764"}],"wp:term":[{"taxonomy":"category","embeddable":true,"href":"https:\/\/radiowebmx.com\/nota\/wp-json\/wp\/v2\/categories?post=8764"},{"taxonomy":"post_tag","embeddable":true,"href":"https:\/\/radiowebmx.com\/nota\/wp-json\/wp\/v2\/tags?post=8764"}],"curies":[{"name":"wp","href":"https:\/\/api.w.org\/{rel}","templated":true}]}}