{"id":8760,"date":"2014-07-25T11:42:08","date_gmt":"2014-07-25T16:42:08","guid":{"rendered":"https:\/\/radiowebmx.com\/nota\/?p=8760"},"modified":"2014-07-25T11:42:08","modified_gmt":"2014-07-25T16:42:08","slug":"inician-las-actividades-del-coloquio-nacional-salas-de-lectura-la-lectura-el-uso-social-y-sus-entornos","status":"publish","type":"post","link":"https:\/\/radiowebmx.com\/nota\/inician-las-actividades-del-coloquio-nacional-salas-de-lectura-la-lectura-el-uso-social-y-sus-entornos\/","title":{"rendered":"Inician las actividades del Coloquio Nacional Salas de Lectura: La Lectura, el uso social, y sus entornos"},"content":{"rendered":"<p><a href=\"https:\/\/radiowebmx.com\/nota\/wp-content\/uploads\/2014\/07\/DSC_0019.jpg\"><img loading=\"lazy\" decoding=\"async\" class=\"alignleft size-full wp-image-8761\" alt=\"DSC_0019\" src=\"https:\/\/radiowebmx.com\/nota\/wp-content\/uploads\/2014\/07\/DSC_0019.jpg\" width=\"591\" height=\"264\" srcset=\"https:\/\/radiowebmx.com\/nota\/wp-content\/uploads\/2014\/07\/DSC_0019.jpg 591w, https:\/\/radiowebmx.com\/nota\/wp-content\/uploads\/2014\/07\/DSC_0019-300x134.jpg 300w\" sizes=\"auto, (max-width: 591px) 100vw, 591px\" \/><\/a>En presencia de Ricardo Cayuela Gally, director general de Publicaciones, as\u00ed como el secretario de Cultura, Marco Antonio Aguilar Cort\u00e9s en representaci\u00f3n del gobernador del estado, Salvador Jara Guerrero, e Iv\u00e1n Arturo P\u00e9rez Negr\u00f3n supliendo la presencia del alcalde de Morelia; Ra\u00fal Olmos, director de Promoci\u00f3n y Fomento Cultural dio por iniciado el mensaje de bienvenida, resaltando la importancia de la coordinaci\u00f3n entre la SECUM y la Direcci\u00f3n Nacional de Publicaciones de CONACULTA por hacer posible este coloquio y reconociendo el que actualmente est\u00e9n funcionando 94 salas de lectura en la entidad lo que conlleva a fomentar la lectura y a favorecer el entorno del Programa Nacional de Lectura.<\/p>\n<p>&nbsp;<\/p>\n<p>En su momento el mediador Sim\u00f3n L\u00e1zaro refiri\u00f3 en dialecto P\u2019ur\u00e9pecha que las comunidades ind\u00edgenas est\u00e1n interesadas en la lectura, pero que no es posible siempre tener acceso ya que la difusi\u00f3n de los textos est\u00e1n escritas en el idioma castellano y eso no permite una fluida interpretaci\u00f3n de las letras, lo cual representa un reto necesario el hacer un est\u00edmulo para hacerlo con gusto, ya que los ind\u00edgenas tienen su propia lengua y la lectura debe ser acercada con la misma.<\/p>\n<p>&nbsp;<\/p>\n<p>Ricardo Cayuela Gally, director general de Publicaciones expres\u00f3 que la alianza con el Gobierno Estatal es para llevar la cultura y son puntales para el programa de Salas de Lectura en la entidad. Explic\u00f3 que desde el Consejo Nacional para la Cultura y las Artes est\u00e1n con el estado en estos momentos dif\u00edciles en los cuales se ha podido ir saliendo adelante.<\/p>\n<p>&nbsp;<\/p>\n<p>Tambi\u00e9n mencion\u00f3 la importancia de los mediadores como agentes sociales y que aqu\u00ed est\u00e1n representantes de los 31 estados de todo el pa\u00eds participando en las 5 mesas que componen el coloquio. As\u00ed como 25 mediadores de Michoac\u00e1n y 128 del resto de la Rep\u00fablica. Explic\u00f3 la importancia de que el programa sea l\u00fadico y c\u00f3modo, resaltando que se contar\u00e1 los escritores H\u00e9ctor Cevallos y Juan Villoro quien dar\u00e1 una conferencia magistral de clausura.<\/p>\n<p>&nbsp;<\/p>\n<p>Cayuela Gally resalt\u00f3 que medidas como esas no son impuestas por la federaci\u00f3n, sino que buscan hacer alianza con los ciudadanos, con los estados ya que la lectura permite al hombre escapar de sus circunstancias como un escape que fortalece a ser m\u00e1s s\u00f3lidos y tener m\u00e1s herramientas para enfrentar la realidad, el leer dijo, nos da la capacidad de ser libres y aut\u00f3nomos, lo que se busca impulsar con las salas de lectura.<\/p>\n<p>&nbsp;<\/p>\n<p>En su intervenci\u00f3n, el titular de la Secretar\u00eda de Cultura, Marco Antonio Aguilar Cort\u00e9s, ante la declaratoria inaugural del encuentro refiri\u00f3 que debemos transformar nuestras circunstancias y prepararnos para mejorarlas, ya que son de improductividad y debemos transformarlas a productivas, que hay una mala distribuci\u00f3n de la riqueza y se debe llevar a bien distribuirla; que pocos son los que leen y el saber es poder, que por ello dar sentido de ser libres, la libertad es la suma de dos cosas que constan de la capacidad de decisi\u00f3n.<\/p>\n<p>&nbsp;<\/p>\n<p>Sum\u00f3 tambi\u00e9n que las circunstancias limitadas llevan a una libertad empobrecida y las circunstancias ricas conllevan a una libertad amplia, que el ejercerlas de esa forma puede hacernos m\u00e1s libres, cosa que sucede con quienes saben leer y escribir.<\/p>\n<p>&nbsp;<\/p>\n<p>Reconoci\u00f3 que es maravilloso el trabajo que llevan los mediadores cuando\u00a0 motivan a alguien por leer. Recalc\u00f3 la satisfacci\u00f3n del liderazgo de Ricardo Cayuela y de estar presente en Morelia y en representaci\u00f3n de Salvador Jara declar\u00f3 abierto el coloquio. A fin del acto cerr\u00f3 el Grupo Zac\u00e1n con la pieza \u201cEl Tarasco\u201d.<\/p>\n<p>&nbsp;<\/p>\n<p>&nbsp;<\/p>\n","protected":false},"excerpt":{"rendered":"<p>En presencia de Ricardo Cayuela Gally, director general de Publicaciones, as\u00ed como el secretario de Cultura, Marco Antonio Aguilar Cort\u00e9s en representaci\u00f3n del gobernador del estado,<\/p>\n","protected":false},"author":1,"featured_media":8761,"comment_status":"open","ping_status":"open","sticky":false,"template":"","format":"standard","meta":{"footnotes":""},"categories":[14,3],"tags":[],"class_list":["post-8760","post","type-post","status-publish","format-standard","has-post-thumbnail","hentry","category-destacadas","category-gobierno-del-estado-de-michoacan"],"_links":{"self":[{"href":"https:\/\/radiowebmx.com\/nota\/wp-json\/wp\/v2\/posts\/8760","targetHints":{"allow":["GET"]}}],"collection":[{"href":"https:\/\/radiowebmx.com\/nota\/wp-json\/wp\/v2\/posts"}],"about":[{"href":"https:\/\/radiowebmx.com\/nota\/wp-json\/wp\/v2\/types\/post"}],"author":[{"embeddable":true,"href":"https:\/\/radiowebmx.com\/nota\/wp-json\/wp\/v2\/users\/1"}],"replies":[{"embeddable":true,"href":"https:\/\/radiowebmx.com\/nota\/wp-json\/wp\/v2\/comments?post=8760"}],"version-history":[{"count":2,"href":"https:\/\/radiowebmx.com\/nota\/wp-json\/wp\/v2\/posts\/8760\/revisions"}],"predecessor-version":[{"id":8763,"href":"https:\/\/radiowebmx.com\/nota\/wp-json\/wp\/v2\/posts\/8760\/revisions\/8763"}],"wp:featuredmedia":[{"embeddable":true,"href":"https:\/\/radiowebmx.com\/nota\/wp-json\/wp\/v2\/media\/8761"}],"wp:attachment":[{"href":"https:\/\/radiowebmx.com\/nota\/wp-json\/wp\/v2\/media?parent=8760"}],"wp:term":[{"taxonomy":"category","embeddable":true,"href":"https:\/\/radiowebmx.com\/nota\/wp-json\/wp\/v2\/categories?post=8760"},{"taxonomy":"post_tag","embeddable":true,"href":"https:\/\/radiowebmx.com\/nota\/wp-json\/wp\/v2\/tags?post=8760"}],"curies":[{"name":"wp","href":"https:\/\/api.w.org\/{rel}","templated":true}]}}