{"id":8756,"date":"2014-07-25T11:36:40","date_gmt":"2014-07-25T16:36:40","guid":{"rendered":"https:\/\/radiowebmx.com\/nota\/?p=8756"},"modified":"2014-07-25T11:36:40","modified_gmt":"2014-07-25T16:36:40","slug":"inauguran-en-uruapan-centro-de-atencion-a-beneficiarios-de-la-tarjeta-sin-hambre","status":"publish","type":"post","link":"https:\/\/radiowebmx.com\/nota\/inauguran-en-uruapan-centro-de-atencion-a-beneficiarios-de-la-tarjeta-sin-hambre\/","title":{"rendered":"Inauguran en Uruapan Centro de Atenci\u00f3n a Beneficiarios de la tarjeta Sin Hambre."},"content":{"rendered":"<p><a href=\"https:\/\/radiowebmx.com\/nota\/wp-content\/uploads\/2014\/07\/10557194_547620755343632_348452951249470109_n.jpg\"><img loading=\"lazy\" decoding=\"async\" class=\"alignleft size-full wp-image-8757\" alt=\"10557194_547620755343632_348452951249470109_n\" src=\"https:\/\/radiowebmx.com\/nota\/wp-content\/uploads\/2014\/07\/10557194_547620755343632_348452951249470109_n.jpg\" width=\"591\" height=\"298\" srcset=\"https:\/\/radiowebmx.com\/nota\/wp-content\/uploads\/2014\/07\/10557194_547620755343632_348452951249470109_n.jpg 591w, https:\/\/radiowebmx.com\/nota\/wp-content\/uploads\/2014\/07\/10557194_547620755343632_348452951249470109_n-300x151.jpg 300w\" sizes=\"auto, (max-width: 591px) 100vw, 591px\" \/><\/a>Con la visita de H\u00e9ctor Velasco Monroy, Director General de Diconsa, y con la presencia del delegado de la Sedesol en Michoac\u00e1n Victor Silva Tejeda y del presidente municipal de Uruapan, Aldo Mac\u00edas, se inaugur\u00f3 el Centro de Atenci\u00f3n a Beneficiarios del Programa Sin Hambre en este municipio.<\/p>\n<p>&nbsp;<\/p>\n<p>El director general de Diconsa H\u00e9ctor Velasco Monroy dijo que los Centros de Atenci\u00f3n a beneficiarios del Programa Sin Hambre suministra 14 productos de la canasta b\u00e1sica a beneficiarios de la tarjeta SIN Hambre del Esquema de Apoyo Alimentario, as\u00ed como al p\u00fablico en general a un 20 por ciento m\u00e1s bajo del precio de mercado.<\/p>\n<p>&nbsp;<\/p>\n<p>Se les cargan cerca de mil 300 pesos bimestrales a una tarjeta de Bansefi, Diconsa aporta un 20 % adicional al realizar la adquisici\u00f3n en un sola exhibici\u00f3n, con lo que los beneficiarios pueden adquirir productos con un valor de entre mil 400 y mil 600 pesos cada dos meses.<\/p>\n<p>&nbsp;<\/p>\n<p>Los\u00a0productos de la canasta b\u00e1sica est\u00e1n avalados por expertos de los institutos nacionales de Salud P\u00fablica y de Nutrici\u00f3n, como harina de ma\u00edz, avena, at\u00fan, sardina, leche en polvo, aceite, huevo, frijol, arroz, caf\u00e9, entre otros, cerr\u00f3 Velasco Monroy.<\/p>\n<p>&nbsp;<\/p>\n<p>Por su parte el delegado de la Sedesol dijo que se est\u00e1 instalando una red de Cabes en Michoac\u00e1n, adem\u00e1s de que existen tiendas comunitarias fijas y tiendas m\u00f3viles que visitan las localidades m\u00e1s lejanas.<\/p>\n<p>&nbsp;<\/p>\n<p>Silva Tejeda dijo que en Michoac\u00e1n el esquema de Apoyo Alimentario SIN Hambre, beneficia a m\u00e1s de 34 mil derechohabientes de 51 municipios incluidos en la Cruzada Nacional Contra el Hambre.<\/p>\n<p>&nbsp;<\/p>\n<p>Durante su participaci\u00f3n, Rodrigo Maldonado L\u00f3pez, secretario de Pol\u00edtica Social, destac\u00f3 que para el gobernador de Michoac\u00e1n Salvador Jara Guerrero, es prioridad mantener una vinculaci\u00f3n permanente con los programa federales, para acercar m\u00e1s y mejores beneficios a los ciudadanos michoacanos.<\/p>\n<p>&nbsp;<\/p>\n<p>Por ello, en la Sepsol, firmamos recientemente un convenio de colaboraci\u00f3n que nos permite acercar a los beneficiarios del programa Contigo, Compromiso de Todos, un descuento de hasta el 10 por ciento en los art\u00edculos de la canasta b\u00e1sica alimentaria que ofrece Diconsa, agrego Maldonado L\u00f3pez.<\/p>\n<p>&nbsp;<\/p>\n<p>En el pa\u00eds se atiende a 1.7 millones de beneficiarios con la tarjeta PAL Sin Hambre a 18 meses de iniciada la Cruzada Nacional Contra el Hambre, inform\u00f3 Rosario Robles el 13 de julio del 2014.<\/p>\n<p>&nbsp;<\/p>\n<p>Es de se\u00f1alar que este Centro de Atenci\u00f3n a Beneficiarios (CABE) de Uruapan atiende a 3,476 derechohabientes, y existen al dia de hoy 11 CABE&#8217;s en 9 localidades de 8 municipios entre ellos, Morelia, Apatzingan, L\u00e1zaro C\u00e1rdenas, Nahuatzen, Paracho, Nueva Italia, Los Reyes y Uruapan.<\/p>\n","protected":false},"excerpt":{"rendered":"<p>Con la visita de H\u00e9ctor Velasco Monroy, Director General de Diconsa, y con la presencia del delegado de la Sedesol en Michoac\u00e1n Victor Silva Tejeda y del presidente municipal de Uruapan, Aldo Mac\u00edas, se inaugur\u00f3 el Centro de Atenci\u00f3n a Beneficiarios del Programa Sin Hambre en este municipio.<\/p>\n","protected":false},"author":1,"featured_media":8757,"comment_status":"open","ping_status":"open","sticky":false,"template":"","format":"standard","meta":{"footnotes":""},"categories":[14,3],"tags":[],"class_list":["post-8756","post","type-post","status-publish","format-standard","has-post-thumbnail","hentry","category-destacadas","category-gobierno-del-estado-de-michoacan"],"_links":{"self":[{"href":"https:\/\/radiowebmx.com\/nota\/wp-json\/wp\/v2\/posts\/8756","targetHints":{"allow":["GET"]}}],"collection":[{"href":"https:\/\/radiowebmx.com\/nota\/wp-json\/wp\/v2\/posts"}],"about":[{"href":"https:\/\/radiowebmx.com\/nota\/wp-json\/wp\/v2\/types\/post"}],"author":[{"embeddable":true,"href":"https:\/\/radiowebmx.com\/nota\/wp-json\/wp\/v2\/users\/1"}],"replies":[{"embeddable":true,"href":"https:\/\/radiowebmx.com\/nota\/wp-json\/wp\/v2\/comments?post=8756"}],"version-history":[{"count":2,"href":"https:\/\/radiowebmx.com\/nota\/wp-json\/wp\/v2\/posts\/8756\/revisions"}],"predecessor-version":[{"id":8759,"href":"https:\/\/radiowebmx.com\/nota\/wp-json\/wp\/v2\/posts\/8756\/revisions\/8759"}],"wp:featuredmedia":[{"embeddable":true,"href":"https:\/\/radiowebmx.com\/nota\/wp-json\/wp\/v2\/media\/8757"}],"wp:attachment":[{"href":"https:\/\/radiowebmx.com\/nota\/wp-json\/wp\/v2\/media?parent=8756"}],"wp:term":[{"taxonomy":"category","embeddable":true,"href":"https:\/\/radiowebmx.com\/nota\/wp-json\/wp\/v2\/categories?post=8756"},{"taxonomy":"post_tag","embeddable":true,"href":"https:\/\/radiowebmx.com\/nota\/wp-json\/wp\/v2\/tags?post=8756"}],"curies":[{"name":"wp","href":"https:\/\/api.w.org\/{rel}","templated":true}]}}