{"id":8753,"date":"2014-07-25T11:34:54","date_gmt":"2014-07-25T16:34:54","guid":{"rendered":"https:\/\/radiowebmx.com\/nota\/?p=8753"},"modified":"2014-07-25T11:34:54","modified_gmt":"2014-07-25T16:34:54","slug":"se-solidarizan-michoacanos-con-ninos-y-adolescentes-del-albergue-la-gran-familia","status":"publish","type":"post","link":"https:\/\/radiowebmx.com\/nota\/se-solidarizan-michoacanos-con-ninos-y-adolescentes-del-albergue-la-gran-familia\/","title":{"rendered":"SE SOLIDARIZAN MICHOACANOS CON NI\u00d1OS Y ADOLESCENTES DEL ALBERGUE \u201cLA GRAN FAMILIA\u201d"},"content":{"rendered":"<p><a href=\"https:\/\/radiowebmx.com\/nota\/wp-content\/uploads\/2014\/07\/apoyos-Zamora.jpg\"><img loading=\"lazy\" decoding=\"async\" class=\"alignleft size-full wp-image-8754\" alt=\"apoyos Zamora\" src=\"https:\/\/radiowebmx.com\/nota\/wp-content\/uploads\/2014\/07\/apoyos-Zamora.jpg\" width=\"591\" height=\"343\" srcset=\"https:\/\/radiowebmx.com\/nota\/wp-content\/uploads\/2014\/07\/apoyos-Zamora.jpg 591w, https:\/\/radiowebmx.com\/nota\/wp-content\/uploads\/2014\/07\/apoyos-Zamora-300x174.jpg 300w\" sizes=\"auto, (max-width: 591px) 100vw, 591px\" \/><\/a>En solidaridad con los menores que se encuentran en situaci\u00f3n de vulnerabilidad y en respaldo a las acciones de atenci\u00f3n y protecci\u00f3n que emprenden los gobiernos federal y estatal, decenas de michoacanos colaboran en actividades de ayuda a las ni\u00f1as, ni\u00f1os y j\u00f3venes del albergue \u201cLa Gran Familia\u201d en Zamora.<\/p>\n<p>Conscientes de que las situaciones de contingencia requieren de la voluntad y esfuerzo de todos los sectores del estado, Rosa Mar\u00eda \u00c1lvarez, madre del futbolista Rafael M\u00e1rquez, junto con un grupo de 25 j\u00f3venes estudiantes de las licenciaturas de Psicolog\u00eda Educativa y Gastronom\u00eda de la Universidad UNIVER, Plantel Zamora, colaboran en diversas tareas de apoyo.<\/p>\n<p>En este albergue en que el a\u00fan habitan cientos de menores y j\u00f3venes, los estudiantes aportan en labores de limpieza, dotaci\u00f3n de alimentos a los residentes y atenci\u00f3n psicol\u00f3gica, con lo cual a su vez liberan su servicio social; en tanto que la Fundaci\u00f3n Rafa M\u00e1rquez \u201cF\u00fatbol y Coraz\u00f3n A.C\u201d, que opera desde 2005, tambi\u00e9n contribuye en cubrir las necesidades de los m\u00e1s vulnerables.<\/p>\n<p>En otros momentos, con el apoyo de un calificado equipo de trabajo se ha dado un seguimiento especializado al sano crecimiento de diversos ni\u00f1os y se les ha atendido en materia educativa, deficiencia nutricional y problemas de salud.<\/p>\n<p>En Zamora, luego de un convenio de colaboraci\u00f3n entre la Fundaci\u00f3n y la UNIVER se continuar\u00e1 integrando a los alumnos a diferentes acciones encaminadas en beneficio de la comunidad y obtendr\u00e1n la facilidad de liberar sus pr\u00e1cticas y servicio social dentro de dicha instituci\u00f3n, al tiempo que conocer\u00e1n la satisfacci\u00f3n de apoyar a quienes m\u00e1s lo necesitan.<\/p>\n<p>Cabe recordar que por instrucci\u00f3n del gobernador Salvador Jara Guerrero, se instal\u00f3 un comit\u00e9 interdisciplinario en que participan la Secretar\u00eda de Salud, Sistema para el Desarrollo Integral de la Familia, Consejer\u00eda Jur\u00eddica, Registro Civil, entre otras dependencias estatales y representantes de la Procuradur\u00eda General de la Rep\u00fablica, as\u00ed como de la Secretar\u00eda de Gobernaci\u00f3n y del ayuntamiento local, para continuar la atenci\u00f3n humanitaria de los menores y j\u00f3venes de dicho espacio, labor en la cual cada d\u00eda se suman m\u00e1s grupos y asociaciones que tambi\u00e9n persiguen el prop\u00f3sito de salvaguardar a los residentes de \u201cLa Gran Familia\u201d.<\/p>\n","protected":false},"excerpt":{"rendered":"<p>En solidaridad con los menores que se encuentran en situaci\u00f3n de vulnerabilidad y en respaldo a las acciones de atenci\u00f3n y protecci\u00f3n que emprenden los gobiernos federal y estatal, decenas de michoacanos colaboran en actividades de ayuda a las ni\u00f1as, ni\u00f1os y j\u00f3venes del albergue \u201cLa Gran Familia\u201d en Zamora.<\/p>\n","protected":false},"author":1,"featured_media":8754,"comment_status":"open","ping_status":"open","sticky":false,"template":"","format":"standard","meta":{"footnotes":""},"categories":[14,3],"tags":[],"class_list":["post-8753","post","type-post","status-publish","format-standard","has-post-thumbnail","hentry","category-destacadas","category-gobierno-del-estado-de-michoacan"],"_links":{"self":[{"href":"https:\/\/radiowebmx.com\/nota\/wp-json\/wp\/v2\/posts\/8753","targetHints":{"allow":["GET"]}}],"collection":[{"href":"https:\/\/radiowebmx.com\/nota\/wp-json\/wp\/v2\/posts"}],"about":[{"href":"https:\/\/radiowebmx.com\/nota\/wp-json\/wp\/v2\/types\/post"}],"author":[{"embeddable":true,"href":"https:\/\/radiowebmx.com\/nota\/wp-json\/wp\/v2\/users\/1"}],"replies":[{"embeddable":true,"href":"https:\/\/radiowebmx.com\/nota\/wp-json\/wp\/v2\/comments?post=8753"}],"version-history":[{"count":1,"href":"https:\/\/radiowebmx.com\/nota\/wp-json\/wp\/v2\/posts\/8753\/revisions"}],"predecessor-version":[{"id":8755,"href":"https:\/\/radiowebmx.com\/nota\/wp-json\/wp\/v2\/posts\/8753\/revisions\/8755"}],"wp:featuredmedia":[{"embeddable":true,"href":"https:\/\/radiowebmx.com\/nota\/wp-json\/wp\/v2\/media\/8754"}],"wp:attachment":[{"href":"https:\/\/radiowebmx.com\/nota\/wp-json\/wp\/v2\/media?parent=8753"}],"wp:term":[{"taxonomy":"category","embeddable":true,"href":"https:\/\/radiowebmx.com\/nota\/wp-json\/wp\/v2\/categories?post=8753"},{"taxonomy":"post_tag","embeddable":true,"href":"https:\/\/radiowebmx.com\/nota\/wp-json\/wp\/v2\/tags?post=8753"}],"curies":[{"name":"wp","href":"https:\/\/api.w.org\/{rel}","templated":true}]}}