{"id":8750,"date":"2014-07-25T11:33:22","date_gmt":"2014-07-25T16:33:22","guid":{"rendered":"https:\/\/radiowebmx.com\/nota\/?p=8750"},"modified":"2014-07-25T11:33:22","modified_gmt":"2014-07-25T16:33:22","slug":"se-benefician-mil-977-artesanos-michoacanos-a-traves-de-los-apoyos-que-otorgan-fonart-y-casart","status":"publish","type":"post","link":"https:\/\/radiowebmx.com\/nota\/se-benefician-mil-977-artesanos-michoacanos-a-traves-de-los-apoyos-que-otorgan-fonart-y-casart\/","title":{"rendered":"SE BENEFICIAN MIL 977 ARTESANOS MICHOACANOS  A TRAV\u00c9S DE LOS APOYOS QUE OTORGAN FONART Y CASART"},"content":{"rendered":"<p><a href=\"https:\/\/radiowebmx.com\/nota\/wp-content\/uploads\/2014\/07\/CASART-1.jpg\"><img loading=\"lazy\" decoding=\"async\" class=\"alignleft size-full wp-image-8751\" alt=\"CASART (1)\" src=\"https:\/\/radiowebmx.com\/nota\/wp-content\/uploads\/2014\/07\/CASART-1.jpg\" width=\"591\" height=\"306\" srcset=\"https:\/\/radiowebmx.com\/nota\/wp-content\/uploads\/2014\/07\/CASART-1.jpg 591w, https:\/\/radiowebmx.com\/nota\/wp-content\/uploads\/2014\/07\/CASART-1-300x155.jpg 300w\" sizes=\"auto, (max-width: 591px) 100vw, 591px\" \/><\/a>En el marco de colaboraci\u00f3n entre el Gobierno Federal a trav\u00e9s del Fondo Nacional para el\u00a0 Fomento de las Artesan\u00edas (Fonart) y del Gobierno del Estado de Michoac\u00e1n en materia artesanal, a trav\u00e9s de la Casa de las Artesan\u00edas (Casart), se entregaron apoyos a la producci\u00f3n artesanal en beneficio de mil 977 creadores de diferentes localidades, por un monto de 6 millones 428 mil 900 pesos.<\/p>\n<p>El Fondo Nacional para el Fomento de las Artesan\u00edas, benefici\u00f3 a mil 367 artesanos con un total de 5 millones 484 mil pesos, como parte del Programa \u201cApoyos a la Producci\u00f3n Artesanal\u201d, mismo que va destinado a la compra de materia prima e insumos artesanales, adecuaci\u00f3n de espacios de trabajo y adquisici\u00f3n de herramientas que se utilizan en la producci\u00f3n.<\/p>\n<p>El secretario de Turismo estatal, Roberto Monroy Garc\u00eda, en representaci\u00f3n del gobernador Salvador Jara Guerrero, solicit\u00f3 a Liliana Romero Medina, directora general de FONART, continuar con los apoyos y fortalecer la comercializaci\u00f3n de la artesan\u00eda michoacana, as\u00ed como promocionarla, ya que mencion\u00f3, el recurso de la venta de piezas es para las familias de artesanos y esto ayudar\u00e1 a que mejore la calidad de vida de las y los michoacanos.<\/p>\n<p>\u201cNecesitamos m\u00e1s capacitaci\u00f3n, no s\u00f3lo este recurso; ojal\u00e1 que este a\u00f1o se pueda ampliar y llegar a los 17 millones de pesos aportados por la FONART, para otorgar mayor apoyo a los artesanos y que puedan realizar las mejoras a sus talleres o comprar la materia prima que necesitan para seguir elaborando esas maravillosas piezas que nos llenan de orgullo e identidad\u201d, agreg\u00f3.<\/p>\n<p>Por su parte, el director de la Casa de las Artesan\u00edas, Rafael Paz Vega, apunt\u00f3 que la din\u00e1mica de trabajo, operaci\u00f3n y voluntades entre FONART y Casart, ha propiciado que durante el ejercicio 2013-2014 los programas, acciones y recursos convenidos, favorezcan a m\u00e1s de 14 mil artesanos, para lo cual se destinaron apoyos por el orden de los 27 millones 900 mil pesos.<\/p>\n<p>\u201cEstoy seguro que las acciones que estamos emprendiendo ser\u00e1n de gran beneficio; su fin \u00faltimo debe ser el apoyo real y aut\u00e9ntico a nuestros reconocidos y admirados artesanos. Por ello agradezco el inter\u00e9s y apoyo del presidente de la Rep\u00fablica Enrique Pe\u00f1a Nieto y de la directora general de FONART, Liliana Romero\u201d, se\u00f1al\u00f3.<\/p>\n<p>Paz Vega resalt\u00f3 que de manera complementaria y como apoyo para el logro de la adquisici\u00f3n de insumo y desarrollo de sus productos, la Casart entreg\u00f3 242 cr\u00e9ditos del Fondo de Apoyo a la Actividad Artesanal (FAAAR), por un importe de 944 mil 900 pesos, con lo cual se favorece a 610 artesanos. Y en lo que va del presente a\u00f1o, se han otorgado 460 cr\u00e9ditos por\u00a0 2 millones 160 mil pesos, beneficiando a mil 150 artesanos.<\/p>\n<p>En su turno, Liliana Romero Medina, directora general de FONART, resalt\u00f3 que este programa de Apoyos a la Producci\u00f3n Artesanal, trae a los artesanos el recurso econ\u00f3mico para que puedan adquirir su materia prima y herramienta, que deben utilizar en esto para que con la venta de sus piezas su econom\u00eda pueda crecer.<\/p>\n<p>Explic\u00f3 que este jueves se entregaron 5 millones 484 mil pesos, de los 12 millones de pesos de inversi\u00f3n que FONART se comprometi\u00f3 en dar, mucho m\u00e1s que el a\u00f1o pasado, \u201cpero hoy, por el buen trabajo de los gobiernos y porque ustedes como artesanos lo merecen, este a\u00f1o se estar\u00e1 superando los 17 millones de pesos por primera vez en Michoac\u00e1n\u201d.<\/p>\n<p>\u201cEn Fonart estamos implementando una sexta vertiente que es Salud Ocupacional, la cual consiste en dotar de lentes a los artesanos que lo necesiten y en Michoac\u00e1n se estar\u00e1n entregando en seis municipios, iniciando con las mujeres de Charapan, Coeneo, Nahuatzen, Salvador Escalante, Uruapan y P\u00e1tzcuaro, porque para nosotros, como instituci\u00f3n FONART, son la raz\u00f3n de ser y queremos seguir desde Michoac\u00e1n moviendo a M\u00e9xico\u201d, dijo Romero Medina.<\/p>\n<p>Mario Agust\u00edn Gaspar, de la comunidad de P\u00e1tzcuaro, en representaci\u00f3n de las y los artesanos beneficiados con estos apoyos a la producci\u00f3n, agradeci\u00f3 los incentivos que se les otorgaron y pidi\u00f3 a las autoridades federales y estatales, su respaldo para la venta y compra de sus artesan\u00edas, as\u00ed como para gestionar m\u00e1s y mejores espacios para la comercializaci\u00f3n de sus creaciones.<\/p>\n<p>Fueron testigos de la entrega de estos apoyos, el senador Ascenci\u00f3n Orihuela B\u00e1rcenas; el presidente municipal de Morelia, Wilfrido L\u00e1zaro Medina; el delegado estatal de la SEDESOL, V\u00edctor Manuel Silva Tejeda; el secretario de Pueblos Ind\u00edgenas, Alejandro Avil\u00e9s Reyes; Alejandro D\u00edaz de Le\u00f3n Mart\u00ednez, director de Seguimiento a Programas Sociales y representante del comisionado Alfredo Castillo Cervantes; el delegado en la entidad de la CDI Rafael Mu\u00f1iz Cruz; los diputados locales V\u00edctor Manuel Barrag\u00e1n Garibay y Sergio Ben\u00edtez Su\u00e1rez; as\u00ed como Matilde Cuevas Calixto, presidenta de la Uni\u00f3n Estatal de Artesanos de Michoac\u00e1n, por mencionar algunos.<\/p>\n","protected":false},"excerpt":{"rendered":"<p>En el marco de colaboraci\u00f3n entre el Gobierno Federal a trav\u00e9s del Fondo Nacional para el  Fomento de las Artesan\u00edas (Fonart) y del Gobierno del Estado de Michoac\u00e1n en materia artesanal, a trav\u00e9s de la Casa de las Artesan\u00edas (Casart), <\/p>\n","protected":false},"author":1,"featured_media":8751,"comment_status":"open","ping_status":"open","sticky":false,"template":"","format":"standard","meta":{"footnotes":""},"categories":[14,3],"tags":[],"class_list":["post-8750","post","type-post","status-publish","format-standard","has-post-thumbnail","hentry","category-destacadas","category-gobierno-del-estado-de-michoacan"],"_links":{"self":[{"href":"https:\/\/radiowebmx.com\/nota\/wp-json\/wp\/v2\/posts\/8750","targetHints":{"allow":["GET"]}}],"collection":[{"href":"https:\/\/radiowebmx.com\/nota\/wp-json\/wp\/v2\/posts"}],"about":[{"href":"https:\/\/radiowebmx.com\/nota\/wp-json\/wp\/v2\/types\/post"}],"author":[{"embeddable":true,"href":"https:\/\/radiowebmx.com\/nota\/wp-json\/wp\/v2\/users\/1"}],"replies":[{"embeddable":true,"href":"https:\/\/radiowebmx.com\/nota\/wp-json\/wp\/v2\/comments?post=8750"}],"version-history":[{"count":1,"href":"https:\/\/radiowebmx.com\/nota\/wp-json\/wp\/v2\/posts\/8750\/revisions"}],"predecessor-version":[{"id":8752,"href":"https:\/\/radiowebmx.com\/nota\/wp-json\/wp\/v2\/posts\/8750\/revisions\/8752"}],"wp:featuredmedia":[{"embeddable":true,"href":"https:\/\/radiowebmx.com\/nota\/wp-json\/wp\/v2\/media\/8751"}],"wp:attachment":[{"href":"https:\/\/radiowebmx.com\/nota\/wp-json\/wp\/v2\/media?parent=8750"}],"wp:term":[{"taxonomy":"category","embeddable":true,"href":"https:\/\/radiowebmx.com\/nota\/wp-json\/wp\/v2\/categories?post=8750"},{"taxonomy":"post_tag","embeddable":true,"href":"https:\/\/radiowebmx.com\/nota\/wp-json\/wp\/v2\/tags?post=8750"}],"curies":[{"name":"wp","href":"https:\/\/api.w.org\/{rel}","templated":true}]}}