{"id":8745,"date":"2014-07-24T12:30:27","date_gmt":"2014-07-24T17:30:27","guid":{"rendered":"https:\/\/radiowebmx.com\/nota\/?p=8745"},"modified":"2014-07-24T12:30:48","modified_gmt":"2014-07-24T17:30:48","slug":"atiende-ayuntamiento-zonas-siniestradas-tras-caida-de-arboles","status":"publish","type":"post","link":"https:\/\/radiowebmx.com\/nota\/atiende-ayuntamiento-zonas-siniestradas-tras-caida-de-arboles\/","title":{"rendered":"Atiende Ayuntamiento zonas siniestradas tras ca\u00edda de \u00e1rboles"},"content":{"rendered":"<p><a href=\"https:\/\/radiowebmx.com\/nota\/wp-content\/uploads\/2014\/07\/DSC_0059.jpg\"><img loading=\"lazy\" decoding=\"async\" class=\"alignleft size-full wp-image-8746\" alt=\"DSC_0059\" src=\"https:\/\/radiowebmx.com\/nota\/wp-content\/uploads\/2014\/07\/DSC_0059.jpg\" width=\"591\" height=\"292\" srcset=\"https:\/\/radiowebmx.com\/nota\/wp-content\/uploads\/2014\/07\/DSC_0059.jpg 591w, https:\/\/radiowebmx.com\/nota\/wp-content\/uploads\/2014\/07\/DSC_0059-300x148.jpg 300w\" sizes=\"auto, (max-width: 591px) 100vw, 591px\" \/><\/a>El presidente municipal de Morelia, Wilfrido L\u00e1zaro Medina, acudi\u00f3 personalmente a revisar las acciones de retiro de tres \u00e1rboles que cayeron esta noche por la fuerte lluvia y viento que se gener\u00f3 en la capital del estado.<b><\/b><\/p>\n<p>&nbsp;<\/p>\n<p>Un grupo de 25 personas, divididos en dos brigadas de personal de las direcciones de Parques y Jardines y de Aseo P\u00fablico, de la Secretar\u00eda de Servicios P\u00fablicos, trabaj\u00f3 durante la noche para remover las ramas y troncos.<\/p>\n<p>&nbsp;<\/p>\n<p>Afortunadamente, la fuerte tormenta no cobr\u00f3 v\u00edctimas que lamentar, sin embargo, uno de los \u00e1rboles cay\u00f3 en un conocido autolavado, ubicado en la avenida Ventura Puente, provocando serios da\u00f1os a la m\u00e1quina de lavado.<\/p>\n<p>&nbsp;<\/p>\n<p>Ah\u00ed, L\u00e1zaro Medina habl\u00f3 directamente con el propietario del negocio y ofreci\u00f3 revisar, junto con el secretario de Fomento Econ\u00f3mico, Luis Navarro, alguna posibilidad de apoyo para lograr una pronta reparaci\u00f3n del da\u00f1o con ayuda de recursos provenientes de alguno de los programas de la dependencia municipal.<\/p>\n<p>&nbsp;<\/p>\n<p>El d\u00eda de ma\u00f1ana continuar\u00e1n los trabajos de retiro de los \u00e1rboles siniestrados.<\/p>\n","protected":false},"excerpt":{"rendered":"<p>El presidente municipal de Morelia, Wilfrido L\u00e1zaro Medina, acudi\u00f3 personalmente a revisar las acciones de retiro de tres \u00e1rboles que cayeron esta noche por la fuerte lluvia y viento que se gener\u00f3 en la capital del estado.<\/p>\n","protected":false},"author":1,"featured_media":8746,"comment_status":"open","ping_status":"open","sticky":false,"template":"","format":"standard","meta":{"footnotes":""},"categories":[14,9],"tags":[],"class_list":["post-8745","post","type-post","status-publish","format-standard","has-post-thumbnail","hentry","category-destacadas","category-morelia"],"_links":{"self":[{"href":"https:\/\/radiowebmx.com\/nota\/wp-json\/wp\/v2\/posts\/8745","targetHints":{"allow":["GET"]}}],"collection":[{"href":"https:\/\/radiowebmx.com\/nota\/wp-json\/wp\/v2\/posts"}],"about":[{"href":"https:\/\/radiowebmx.com\/nota\/wp-json\/wp\/v2\/types\/post"}],"author":[{"embeddable":true,"href":"https:\/\/radiowebmx.com\/nota\/wp-json\/wp\/v2\/users\/1"}],"replies":[{"embeddable":true,"href":"https:\/\/radiowebmx.com\/nota\/wp-json\/wp\/v2\/comments?post=8745"}],"version-history":[{"count":3,"href":"https:\/\/radiowebmx.com\/nota\/wp-json\/wp\/v2\/posts\/8745\/revisions"}],"predecessor-version":[{"id":8749,"href":"https:\/\/radiowebmx.com\/nota\/wp-json\/wp\/v2\/posts\/8745\/revisions\/8749"}],"wp:featuredmedia":[{"embeddable":true,"href":"https:\/\/radiowebmx.com\/nota\/wp-json\/wp\/v2\/media\/8746"}],"wp:attachment":[{"href":"https:\/\/radiowebmx.com\/nota\/wp-json\/wp\/v2\/media?parent=8745"}],"wp:term":[{"taxonomy":"category","embeddable":true,"href":"https:\/\/radiowebmx.com\/nota\/wp-json\/wp\/v2\/categories?post=8745"},{"taxonomy":"post_tag","embeddable":true,"href":"https:\/\/radiowebmx.com\/nota\/wp-json\/wp\/v2\/tags?post=8745"}],"curies":[{"name":"wp","href":"https:\/\/api.w.org\/{rel}","templated":true}]}}