{"id":8737,"date":"2014-07-24T12:10:42","date_gmt":"2014-07-24T17:10:42","guid":{"rendered":"https:\/\/radiowebmx.com\/nota\/?p=8737"},"modified":"2014-07-24T12:10:42","modified_gmt":"2014-07-24T17:10:42","slug":"invita-cofom-a-proteger-los-recursos-naturales","status":"publish","type":"post","link":"https:\/\/radiowebmx.com\/nota\/invita-cofom-a-proteger-los-recursos-naturales\/","title":{"rendered":"INVITA COFOM A PROTEGER LOS RECURSOS NATURALES"},"content":{"rendered":"<p><a href=\"https:\/\/radiowebmx.com\/nota\/wp-content\/uploads\/2014\/07\/cofom.jpg\"><img loading=\"lazy\" decoding=\"async\" class=\"alignleft size-full wp-image-8738\" alt=\"cofom\" src=\"https:\/\/radiowebmx.com\/nota\/wp-content\/uploads\/2014\/07\/cofom.jpg\" width=\"591\" height=\"321\" srcset=\"https:\/\/radiowebmx.com\/nota\/wp-content\/uploads\/2014\/07\/cofom.jpg 591w, https:\/\/radiowebmx.com\/nota\/wp-content\/uploads\/2014\/07\/cofom-300x162.jpg 300w\" sizes=\"auto, (max-width: 591px) 100vw, 591px\" \/><\/a>Dentro de las acciones que los tres \u00f3rdenes de gobierno desarrollan en Michoac\u00e1n a trav\u00e9s de \u201cJulio, Mes del Bosque\u201d autoridades de la Comisi\u00f3n Nacional Forestal (CONAFOR), de la Comisi\u00f3n Forestal del Estado (COFOM), el ayuntamiento de Ziracuaretiro, adem\u00e1s de la sociedad civil,\u00a0 realizaron una jornada de reforestaci\u00f3n en predios de esta municipalidad con la plantaci\u00f3n de 7 mil arbolitos.<\/p>\n<p>Durante esta actividad, la titular de la COFOM, Martha Josefina Rodr\u00edguez Casillas, ponder\u00f3 el compromiso de sociedad y gobierno de buscar lograr concretar programas y acciones que incidan a favor de la conservaci\u00f3n de la biodiversidad y de los recursos naturales, componentes en los que destaca la entidad.<\/p>\n<p>Dijo que con este tipo de plantaciones se pretende acrecentar los objetivos de conservaci\u00f3n, restauraci\u00f3n y protecci\u00f3n de las \u00e1reas forestales degradadas o de aquellos sitios que han resultado afectados con los incendios forestales o cambio de uso de suelo.<\/p>\n<p>De la misma manera, se\u00f1al\u00f3 que la producci\u00f3n de planta a utilizar en la Campa\u00f1a Estatal de Reforestaci\u00f3n inicio en septiembre pasado, debido a que las especies forestales requieren m\u00ednimo de 9 meses para alcanzar las caracter\u00edsticas adecuadas para su establecimiento en campo y garantizar su sobrevivencia.<\/p>\n<p>Reiter\u00f3 la coordinaci\u00f3n de acciones que en la entidad se concreta a trav\u00e9s de la Federaci\u00f3n y el Estado para respaldar al m\u00e1ximo las actividades de reforestaci\u00f3n que durante esta temporada pretende cubrir m\u00e1s de 10 mil hect\u00e1reas.<\/p>\n<p>Cabe se\u00f1alar que en Michoac\u00e1n los trabajos de reforestaci\u00f3n se remontan desde el a\u00f1o de 1917 cuando se instal\u00f3 el primer vivero en Morelia, y hasta el a\u00f1o de 1928 se realiza una de las primeras reforestaciones en el parque de Santa Mar\u00eda de Guido.<\/p>\n<p>&nbsp;<\/p>\n<p>&nbsp;<\/p>\n<p>&nbsp;<\/p>\n<p>&nbsp;<\/p>\n<p>Durante el Mes del Bosque, autoridades de la CONAFOR y de la COFOM tambi\u00e9n realizan actividades como talleres, exposiciones, y conferencias alusivas a la protecci\u00f3n y sustentabilidad del bosque.<\/p>\n<p>A la actividad de reforestaci\u00f3n asistieron Osvaldo Fern\u00e1ndez Orozco, gerente de la CONAFOR en Michoac\u00e1n; el alcalde de Ziracuaretiro, Carlos Sandoval Portugal, as\u00ed como regidores y representantes de ejidos y comunidades.<\/p>\n","protected":false},"excerpt":{"rendered":"<p>Dentro de las acciones que los tres \u00f3rdenes de gobierno desarrollan en Michoac\u00e1n a trav\u00e9s de \u201cJulio, Mes del Bosque\u201d autoridades de la Comisi\u00f3n Nacional Forestal (CONAFOR), de la Comisi\u00f3n Forestal del Estado (COFOM), el ayuntamiento de Ziracuaretiro, <\/p>\n","protected":false},"author":1,"featured_media":8738,"comment_status":"open","ping_status":"open","sticky":false,"template":"","format":"standard","meta":{"footnotes":""},"categories":[14,3],"tags":[],"class_list":["post-8737","post","type-post","status-publish","format-standard","has-post-thumbnail","hentry","category-destacadas","category-gobierno-del-estado-de-michoacan"],"_links":{"self":[{"href":"https:\/\/radiowebmx.com\/nota\/wp-json\/wp\/v2\/posts\/8737","targetHints":{"allow":["GET"]}}],"collection":[{"href":"https:\/\/radiowebmx.com\/nota\/wp-json\/wp\/v2\/posts"}],"about":[{"href":"https:\/\/radiowebmx.com\/nota\/wp-json\/wp\/v2\/types\/post"}],"author":[{"embeddable":true,"href":"https:\/\/radiowebmx.com\/nota\/wp-json\/wp\/v2\/users\/1"}],"replies":[{"embeddable":true,"href":"https:\/\/radiowebmx.com\/nota\/wp-json\/wp\/v2\/comments?post=8737"}],"version-history":[{"count":2,"href":"https:\/\/radiowebmx.com\/nota\/wp-json\/wp\/v2\/posts\/8737\/revisions"}],"predecessor-version":[{"id":8740,"href":"https:\/\/radiowebmx.com\/nota\/wp-json\/wp\/v2\/posts\/8737\/revisions\/8740"}],"wp:featuredmedia":[{"embeddable":true,"href":"https:\/\/radiowebmx.com\/nota\/wp-json\/wp\/v2\/media\/8738"}],"wp:attachment":[{"href":"https:\/\/radiowebmx.com\/nota\/wp-json\/wp\/v2\/media?parent=8737"}],"wp:term":[{"taxonomy":"category","embeddable":true,"href":"https:\/\/radiowebmx.com\/nota\/wp-json\/wp\/v2\/categories?post=8737"},{"taxonomy":"post_tag","embeddable":true,"href":"https:\/\/radiowebmx.com\/nota\/wp-json\/wp\/v2\/tags?post=8737"}],"curies":[{"name":"wp","href":"https:\/\/api.w.org\/{rel}","templated":true}]}}